{"id":284,"date":"2010-06-24T09:37:27","date_gmt":"2010-06-24T09:37:27","guid":{"rendered":"http:\/\/firmas.lasprovincias.es\/mariajosepou\/?p=284"},"modified":"2010-06-24T09:37:27","modified_gmt":"2010-06-24T09:37:27","slug":"casi-nada-por-la-patria","status":"publish","type":"post","link":"https:\/\/blogs.lasprovincias.es\/mariajosepou\/2010\/06\/24\/casi-nada-por-la-patria\/","title":{"rendered":"Casi nada por la patria"},"content":{"rendered":"<p style=\"text-align: justify\"><a href=\"\/mariajosepou\/wp-content\/uploads\/sites\/4\/2010\/06\/Todo-por-la-patria.preview.jpg\"><img loading=\"lazy\" class=\"alignleft size-full wp-image-285\" src=\"\/mariajosepou\/wp-content\/uploads\/sites\/4\/2010\/06\/Todo-por-la-patria.preview.jpg\" alt=\"\" width=\"400\" height=\"199\" srcset=\"https:\/\/static-blogs.lasprovincias.es\/wp-content\/uploads\/sites\/4\/2010\/06\/Todo-por-la-patria.preview.jpg 400w, https:\/\/static-blogs.lasprovincias.es\/wp-content\/uploads\/sites\/4\/2010\/06\/Todo-por-la-patria.preview-300x149.jpg 300w\" sizes=\"(max-width: 400px) 100vw, 400px\" \/><\/a>Espero que a nadie se le ocurra considerar los embalses como un reducto franquista del que necesitamos desprendernos para vivir en libertad. Sin as\u00ed fuera, llegar\u00edamos a ser unos grandes dem\u00f3cratas. Sedientos, pero dem\u00f3cratas.<\/p>\n<p style=\"text-align: justify\">Ya s\u00e9 que un lema no es un embalse pero el argumento esgrimido por algunos para justificar la supresi\u00f3n del &#8216;Todo por la patria&#8217; en los cuarteles de la Guardia Civil podr\u00eda aplicarse a toda iniciativa de la \u00e9poca franquista. Eso incluir\u00eda el plan de embalses, por ejemplo, y concluir\u00edamos en que resulta innecesario e inconveniente hacer tabula rasa con ellos.<\/p>\n<p style=\"text-align: justify\">Lo m\u00e1s inteligente es incorporarlos como medida necesaria y \u00fatil en la actualidad, sea cual sea su origen. Eso hicieron los cristianos tras conquistar las zonas de dominio \u00e1rabe en Espa\u00f1a, respetando las acequias para alegr\u00eda de los valencianos de hoy que no nos entender\u00edamos sin ellas.<\/p>\n<p style=\"text-align: justify\">Con el lema &#8216;Todo por la patria&#8217; sucede lo mismo. Que tenga un nacimiento vinculado a Franco no le resta sentido. Si \u00e9ste se ha perdido, que es lo que tendremos que analizar, lo ha hecho por s\u00ed mismo y no porque lo eligiera Franco.<\/p>\n<p style=\"text-align: justify\">La cuesti\u00f3n, por tanto, es evaluar si hoy puede mantenerse como lema de un cuerpo de seguridad del Estado que lo den &#8216;todo por la patria&#8217;. Yo creo que s\u00ed. No termino de entender por qu\u00e9 el concepto &#8216;patria&#8217; resulta arcaico y me pregunto por qu\u00e9 ser\u00eda capaz de dar la vida un guardia civil que se sienta inc\u00f3modo con la &#8216;patria&#8217;.<\/p>\n<p style=\"text-align: justify\">Piden quienes proponen el cambio que &#8216;patria&#8217; sea sustituida por &#8216;democracia&#8217; pero no termina de convencerme. Es verdad que la democracia es el menos malo de los sistemas pero no s\u00e9 si es capaz de arrancar adhesiones con la fuerza de la tierra a la que apela la patria. &#8216;Patria&#8217; es sin\u00f3nimo de ra\u00edces, familia y amigos, de los &#8216;nuestros&#8217; y del territorio al que estamos ligados. En una palabra, de &#8216;comunidad&#8217;, que tiene un v\u00ednculo emocional m\u00e1s fuerte que el sistema pol\u00edtico.<\/p>\n<p style=\"text-align: justify\">Es cierto que &#8216;democracia&#8217; es libertad, convivencia y respeto pero eso se integra en la noci\u00f3n actual de &#8216;patria&#8217; sin dificultad. Si se quiere.<\/p>\n<!-- AddThis Advanced Settings generic via filter on the_content --><!-- AddThis Share Buttons generic via filter on the_content -->","protected":false},"excerpt":{"rendered":"<p>Espero que a nadie se le ocurra considerar los embalses como un reducto franquista del que necesitamos desprendernos para vivir en libertad. Sin as\u00ed fuera, llegar\u00edamos a ser unos grandes dem\u00f3cratas. Sedientos, pero dem\u00f3cratas. Ya s\u00e9 que un lema no es un embalse pero el argumento esgrimido por algunos para justificar la supresi\u00f3n del &#8216;Todo [&hellip;]<!-- AddThis Advanced Settings generic via filter on get_the_excerpt --><!-- AddThis Share Buttons generic via filter on get_the_excerpt --><\/p>\n","protected":false},"author":6,"featured_media":0,"comment_status":"open","ping_status":"closed","sticky":false,"template":"","format":"standard","meta":[],"categories":[4],"tags":[126],"_links":{"self":[{"href":"https:\/\/blogs.lasprovincias.es\/mariajosepou\/wp-json\/wp\/v2\/posts\/284"}],"collection":[{"href":"https:\/\/blogs.lasprovincias.es\/mariajosepou\/wp-json\/wp\/v2\/posts"}],"about":[{"href":"https:\/\/blogs.lasprovincias.es\/mariajosepou\/wp-json\/wp\/v2\/types\/post"}],"author":[{"embeddable":true,"href":"https:\/\/blogs.lasprovincias.es\/mariajosepou\/wp-json\/wp\/v2\/users\/6"}],"replies":[{"embeddable":true,"href":"https:\/\/blogs.lasprovincias.es\/mariajosepou\/wp-json\/wp\/v2\/comments?post=284"}],"version-history":[{"count":0,"href":"https:\/\/blogs.lasprovincias.es\/mariajosepou\/wp-json\/wp\/v2\/posts\/284\/revisions"}],"wp:attachment":[{"href":"https:\/\/blogs.lasprovincias.es\/mariajosepou\/wp-json\/wp\/v2\/media?parent=284"}],"wp:term":[{"taxonomy":"category","embeddable":true,"href":"https:\/\/blogs.lasprovincias.es\/mariajosepou\/wp-json\/wp\/v2\/categories?post=284"},{"taxonomy":"post_tag","embeddable":true,"href":"https:\/\/blogs.lasprovincias.es\/mariajosepou\/wp-json\/wp\/v2\/tags?post=284"}],"curies":[{"name":"wp","href":"https:\/\/api.w.org\/{rel}","templated":true}]}}