{"id":287,"date":"2010-06-25T05:32:19","date_gmt":"2010-06-25T05:32:19","guid":{"rendered":"http:\/\/firmas.lasprovincias.es\/mariajosepou\/?p=287"},"modified":"2010-06-25T05:32:19","modified_gmt":"2010-06-25T05:32:19","slug":"el-declive-del-mundial","status":"publish","type":"post","link":"https:\/\/blogs.lasprovincias.es\/mariajosepou\/2010\/06\/25\/el-declive-del-mundial\/","title":{"rendered":"El declive del Mundial"},"content":{"rendered":"<p style=\"text-align: justify\"><a href=\"\/mariajosepou\/wp-content\/uploads\/sites\/4\/2010\/06\/144752_gd.jpg\"><img loading=\"lazy\" class=\"alignleft size-medium wp-image-288\" src=\"\/mariajosepou\/wp-content\/uploads\/sites\/4\/2010\/06\/144752_gd.jpg\" alt=\"\" width=\"300\" height=\"187\" srcset=\"https:\/\/static-blogs.lasprovincias.es\/wp-content\/uploads\/sites\/4\/2010\/06\/144752_gd.jpg 588w, https:\/\/static-blogs.lasprovincias.es\/wp-content\/uploads\/sites\/4\/2010\/06\/144752_gd-300x188.jpg 300w\" sizes=\"(max-width: 300px) 100vw, 300px\" \/><\/a>S\u00e9 que no suceder\u00e1 porque el f\u00fatbol tiene un tir\u00f3n que no tiene el mundo de la canci\u00f3n pero este Mundial me est\u00e1 recordando a las \u00faltimas ediciones de Eurovisi\u00f3n. Me refiero a aquellas en las que no hab\u00eda ni &#8216;triunfitos&#8217; ni frikis del estilo Chikilicuatro.<\/p>\n<p style=\"text-align: justify\">Fueron esos a\u00f1os en los que Eurovisi\u00f3n dej\u00f3 de interesarnos porque verlo era observar c\u00f3mo los pa\u00eds del Este, reci\u00e9n salidos del Pacto de Varsovia, luchaban con todas sus fuerzas para obtener una plaza en el exquisito club de televisiones europeas. En aquel momento su inter\u00e9s era similar al nuestro en los 50 y 60, esto es, que gracias a la participaci\u00f3n en el festival de la canci\u00f3n, el mundo conociera el propio potencial y el camino de la modernizaci\u00f3n.<\/p>\n<p style=\"text-align: justify\">En ese proceso se encuentran, desde hace ocho o diez a\u00f1os, algunos de los m\u00e1s c\u00e9lebres participantes cuyos nombres ya no son f\u00e1cilmente memorizados por la mayor\u00eda de espectadores espa\u00f1oles: Eslovenia, Lituania o Ucrania no son los cl\u00e1sicos &#8216;France&#8217;, &#8216;United Kingdom&#8217; o &#8216;Italy&#8217;.<\/p>\n<p style=\"text-align: justify\">Por eso perdimos inter\u00e9s. Espa\u00f1a ya no era una gran potencia que se med\u00eda con sus iguales sino un viejo socio que ve\u00eda llegar a las nuevas generaciones.<\/p>\n<p style=\"text-align: justify\">En el f\u00fatbol, con un Mundial tan desmotivador para las grandes Selecciones, parece que vivamos un proceso similar. Francia est\u00e1 avergonzada y fracasada; Italia, campeona del mundo, ya est\u00e1 en casa; Inglaterra est\u00e1 haciendo el indio, de la India, que para eso era territorio imperial, y Espa\u00f1a. Espa\u00f1a solo puede aferrarse a su furia roja y a su Latioamerican conection, esto es, unirse al carro potente y vencedor de las Selecciones brasile\u00f1a, argentina y mexicana a cuenta de que nuestro pa\u00eds siempre ha sido un puente de uni\u00f3n entre Am\u00e9rica y el mundo.<\/p>\n<p style=\"text-align: justify\">No s\u00e9 si es una premonici\u00f3n o la mala suerte que subyace al mantra m\u00e1s repetido de la historia &#8216;el f\u00fatbol es as\u00ed&#8217;. El caso es que el f\u00fatbol europeo est\u00e1 en decadencia a la vista de la realidad de Sud\u00e1frica. Frente a \u00e9l, otras zonas del mundo llevan la voz cantante. Nunca mejor dicho. Al menos, queda una de las grandes de siempre: Am\u00e9rica latina.<\/p>\n<!-- AddThis Advanced Settings generic via filter on the_content --><!-- AddThis Share Buttons generic via filter on the_content -->","protected":false},"excerpt":{"rendered":"<p>S\u00e9 que no suceder\u00e1 porque el f\u00fatbol tiene un tir\u00f3n que no tiene el mundo de la canci\u00f3n pero este Mundial me est\u00e1 recordando a las \u00faltimas ediciones de Eurovisi\u00f3n. Me refiero a aquellas en las que no hab\u00eda ni &#8216;triunfitos&#8217; ni frikis del estilo Chikilicuatro. Fueron esos a\u00f1os en los que Eurovisi\u00f3n dej\u00f3 de [&hellip;]<!-- AddThis Advanced Settings generic via filter on get_the_excerpt --><!-- AddThis Share Buttons generic via filter on get_the_excerpt --><\/p>\n","protected":false},"author":6,"featured_media":0,"comment_status":"open","ping_status":"closed","sticky":false,"template":"","format":"standard","meta":[],"categories":[4],"tags":[83],"_links":{"self":[{"href":"https:\/\/blogs.lasprovincias.es\/mariajosepou\/wp-json\/wp\/v2\/posts\/287"}],"collection":[{"href":"https:\/\/blogs.lasprovincias.es\/mariajosepou\/wp-json\/wp\/v2\/posts"}],"about":[{"href":"https:\/\/blogs.lasprovincias.es\/mariajosepou\/wp-json\/wp\/v2\/types\/post"}],"author":[{"embeddable":true,"href":"https:\/\/blogs.lasprovincias.es\/mariajosepou\/wp-json\/wp\/v2\/users\/6"}],"replies":[{"embeddable":true,"href":"https:\/\/blogs.lasprovincias.es\/mariajosepou\/wp-json\/wp\/v2\/comments?post=287"}],"version-history":[{"count":0,"href":"https:\/\/blogs.lasprovincias.es\/mariajosepou\/wp-json\/wp\/v2\/posts\/287\/revisions"}],"wp:attachment":[{"href":"https:\/\/blogs.lasprovincias.es\/mariajosepou\/wp-json\/wp\/v2\/media?parent=287"}],"wp:term":[{"taxonomy":"category","embeddable":true,"href":"https:\/\/blogs.lasprovincias.es\/mariajosepou\/wp-json\/wp\/v2\/categories?post=287"},{"taxonomy":"post_tag","embeddable":true,"href":"https:\/\/blogs.lasprovincias.es\/mariajosepou\/wp-json\/wp\/v2\/tags?post=287"}],"curies":[{"name":"wp","href":"https:\/\/api.w.org\/{rel}","templated":true}]}}