{"id":295,"date":"2010-06-27T09:46:19","date_gmt":"2010-06-27T09:46:19","guid":{"rendered":"http:\/\/firmas.lasprovincias.es\/mariajosepou\/?p=295"},"modified":"2010-06-27T09:46:19","modified_gmt":"2010-06-27T09:46:19","slug":"paterna-a-la-japonesa","status":"publish","type":"post","link":"https:\/\/blogs.lasprovincias.es\/mariajosepou\/2010\/06\/27\/paterna-a-la-japonesa\/","title":{"rendered":"Paterna a la japonesa"},"content":{"rendered":"<p style=\"text-align: justify\"><a href=\"\/mariajosepou\/wp-content\/uploads\/sites\/4\/2010\/06\/1151309475_extras_ladillos_1_0.jpg\"><img loading=\"lazy\" class=\"alignleft size-full wp-image-296\" src=\"\/mariajosepou\/wp-content\/uploads\/sites\/4\/2010\/06\/1151309475_extras_ladillos_1_0.jpg\" alt=\"\" width=\"200\" height=\"198\" srcset=\"https:\/\/static-blogs.lasprovincias.es\/wp-content\/uploads\/sites\/4\/2010\/06\/1151309475_extras_ladillos_1_0.jpg 200w, https:\/\/static-blogs.lasprovincias.es\/wp-content\/uploads\/sites\/4\/2010\/06\/1151309475_extras_ladillos_1_0-150x150.jpg 150w\" sizes=\"(max-width: 200px) 100vw, 200px\" \/><\/a>La forma escogida por la <a href=\"http:\/\/www.lasprovincias.es\/prensa\/20100627\/valencia\/policia-paterna-agota-dias-20100627.html\" target=\"_blank\" rel=\"external nofollow\">polic\u00eda de Paterna <\/a>para protestar por su bajada de sueldo es una versi\u00f3n actualizada de la huelga a la japonesa. \u00c9sta consiste en trabajar al m\u00e1ximo de la propia capacidad de modo que el funcionamiento \u00f3ptimo del sistema consiga bloquearlo.<\/p>\n<p style=\"text-align: justify\">Es lo que dicen que han hecho alguna vez los pilotos de aeronaves cuando deciden ser terriblemente escrupulosos con el cumplimiento del reglamento y logran as\u00ed que todo se ralentice hasta l\u00edmites exasperantes para el pasajero.<\/p>\n<p style=\"text-align: justify\">La versi\u00f3n renovada a la que me refiero tiene el factor &#8220;crisis&#8221; incluido en su modo de proceder. Eso significa que si una huelga a la japonesa de la polic\u00eda supone extremar la vigilancia para prevenir o perseguir el crimen, las telara\u00f1as de las arcas municipales acent\u00faan el inter\u00e9s recaudatorio de esta huelga.<\/p>\n<p style=\"text-align: justify\">Eso es lo que parece que se ha propuesto la Polic\u00eda de Paterna al anunciar que su forma de protesta por los recortes ser\u00e1 multar un 70% m\u00e1s. O sea, hacer que se cumplan las ordenanzas municipales sin perdonar a nadie. La pregunta, sin duda, es \u00bfpor qu\u00e9 no multan a todos esos si est\u00e1n cometiendo una infracci\u00f3n y, al parecer, lo sabe la polic\u00eda pero no act\u00faa?<\/p>\n<p style=\"text-align: justify\">La iniciativa tiene, al menos, dos elementos preocupantes: el primero, que un escrupuloso trabajo por parte de la polic\u00eda dar\u00eda de s\u00ed un mejor funcionamiento de la ciudad y m\u00e1s dinero a las arcas del Ayuntamiento. Dinero justamente recaudado si nos atenemos a la explicaci\u00f3n que han dado los convocantes: multar\u00e1n a los que est\u00e9n mal aparcados o en doble fila.<\/p>\n<p style=\"text-align: justify\">El segundo elemento es aquel que convierte en un tri\u00e1ngulo poco amoroso la protesta de un colectivo profesional. Es verdad que no son los \u00fanicos que eligen a la ciudadan\u00eda como sparring para sus reivindicaciones. Lo vemos, precisamente, entre los pilotos antes mencionados. (\u00bfO hace mucho que no lo vemos y tiene algo que ver en eso el expeditivo ministro de Fomento?).<\/p>\n<p style=\"text-align: justify\">Sin embargo, este caso es distinto. No se trata de que su falta de trabajo perjudique, como entre los pasajeros de avi\u00f3n, sino que lo hace su trabajo bien hecho. Curioso.<\/p>\n<!-- AddThis Advanced Settings generic via filter on the_content --><!-- AddThis Share Buttons generic via filter on the_content -->","protected":false},"excerpt":{"rendered":"<p>La forma escogida por la polic\u00eda de Paterna para protestar por su bajada de sueldo es una versi\u00f3n actualizada de la huelga a la japonesa. \u00c9sta consiste en trabajar al m\u00e1ximo de la propia capacidad de modo que el funcionamiento \u00f3ptimo del sistema consiga bloquearlo. Es lo que dicen que han hecho alguna vez los [&hellip;]<!-- AddThis Advanced Settings generic via filter on get_the_excerpt --><!-- AddThis Share Buttons generic via filter on get_the_excerpt --><\/p>\n","protected":false},"author":6,"featured_media":0,"comment_status":"open","ping_status":"closed","sticky":false,"template":"","format":"standard","meta":[],"categories":[4],"tags":[65,171],"_links":{"self":[{"href":"https:\/\/blogs.lasprovincias.es\/mariajosepou\/wp-json\/wp\/v2\/posts\/295"}],"collection":[{"href":"https:\/\/blogs.lasprovincias.es\/mariajosepou\/wp-json\/wp\/v2\/posts"}],"about":[{"href":"https:\/\/blogs.lasprovincias.es\/mariajosepou\/wp-json\/wp\/v2\/types\/post"}],"author":[{"embeddable":true,"href":"https:\/\/blogs.lasprovincias.es\/mariajosepou\/wp-json\/wp\/v2\/users\/6"}],"replies":[{"embeddable":true,"href":"https:\/\/blogs.lasprovincias.es\/mariajosepou\/wp-json\/wp\/v2\/comments?post=295"}],"version-history":[{"count":0,"href":"https:\/\/blogs.lasprovincias.es\/mariajosepou\/wp-json\/wp\/v2\/posts\/295\/revisions"}],"wp:attachment":[{"href":"https:\/\/blogs.lasprovincias.es\/mariajosepou\/wp-json\/wp\/v2\/media?parent=295"}],"wp:term":[{"taxonomy":"category","embeddable":true,"href":"https:\/\/blogs.lasprovincias.es\/mariajosepou\/wp-json\/wp\/v2\/categories?post=295"},{"taxonomy":"post_tag","embeddable":true,"href":"https:\/\/blogs.lasprovincias.es\/mariajosepou\/wp-json\/wp\/v2\/tags?post=295"}],"curies":[{"name":"wp","href":"https:\/\/api.w.org\/{rel}","templated":true}]}}