{"id":299,"date":"2010-06-28T06:57:46","date_gmt":"2010-06-28T06:57:46","guid":{"rendered":"http:\/\/firmas.lasprovincias.es\/mariajosepou\/?p=299"},"modified":"2010-06-28T06:57:46","modified_gmt":"2010-06-28T06:57:46","slug":"yo-nunca-lo-haria","status":"publish","type":"post","link":"https:\/\/blogs.lasprovincias.es\/mariajosepou\/2010\/06\/28\/yo-nunca-lo-haria\/","title":{"rendered":"Yo nunca lo har\u00eda"},"content":{"rendered":"<p style=\"text-align: justify\"><a href=\"\/mariajosepou\/wp-content\/uploads\/sites\/4\/2010\/06\/Poster_el_nunca_lo_haria.jpg\"><img loading=\"lazy\" class=\"alignleft size-full wp-image-300\" src=\"\/mariajosepou\/wp-content\/uploads\/sites\/4\/2010\/06\/Poster_el_nunca_lo_haria.jpg\" alt=\"\" width=\"118\" height=\"154\" srcset=\"https:\/\/static-blogs.lasprovincias.es\/wp-content\/uploads\/sites\/4\/2010\/06\/Poster_el_nunca_lo_haria.jpg 308w, https:\/\/static-blogs.lasprovincias.es\/wp-content\/uploads\/sites\/4\/2010\/06\/Poster_el_nunca_lo_haria-231x300.jpg 231w\" sizes=\"(max-width: 118px) 100vw, 118px\" \/><\/a>El <a href=\"http:\/\/www.lasprovincias.es\/v\/20100618\/valencia\/abandono-mascotas-caida-adopciones-20100618.html\" target=\"_blank\" rel=\"external nofollow\">Meeting Dogs <\/a>no acapara las portadas ni los patrocinios de Ferrari o el Santander pero ha acogido durante una semana a miles de aficionados valencianos en el cauce del r\u00edo. Son los amantes de los perros quienes se han reunido en la Semana Canina Internacional para aprender sobre sus mascotas, presumir de ellas en desfiles o verles bailar mucho que mejor que Bel\u00e9n Esteban. Incluso mejor que Edurne.<\/p>\n<p style=\"text-align: justify\">Entre todos los actos programados, ha habido uno al que he procurado no asistir. Es la pasarela de perros en adopci\u00f3n, es decir, aquellos que necesitan urgentemente una familia que sustituya a la que le abandon\u00f3. Digo que procuro no asistir porque, de ir, s\u00e9 que no me vendr\u00eda sola a casa. Y no por ligar con alg\u00fan propietario talla George Clooney sino por no resistirme a la mirada juguetona de alg\u00fan bichito peludo que tanto alegra la vida de quien sabe apreciarlo.<\/p>\n<p style=\"text-align: justify\">No pretendo escribir una columna para animar a la adopci\u00f3n de animales abandonados pregonando a los cuatro vientos que yo no lo voy a hacer. En mi caso la raz\u00f3n es una ancianita de cuatro patas y de nombre Coco que acapara mis cuidados diarios. Su estado es delicado y fr\u00e1gil. Y hasta los amigos me preguntan por qu\u00e9 cuido de ella hasta ese punto.<\/p>\n<p style=\"text-align: justify\"><a href=\"\/mariajosepou\/wp-content\/uploads\/sites\/4\/2010\/06\/n531202023_417808_3454.jpg\"><img loading=\"lazy\" class=\"size-thumbnail wp-image-303 alignright\" src=\"\/mariajosepou\/wp-content\/uploads\/sites\/4\/2010\/06\/n531202023_417808_3454.jpg\" alt=\"\" width=\"150\" height=\"150\" \/><\/a><\/p>\n<p style=\"text-align: justify\">Es lo que tienen los perros geri\u00e1tricos, que toman medicinas, necesitan piensos especiales o nos hacen visitar al veterinario todas las semanas. Es una invitaci\u00f3n al abandono o, simplemente, al sacrificio prematuro. Es decir, una invitaci\u00f3n a deshacerse del problema. Sin embargo, parafraseando el famoso eslogan de la campa\u00f1a de prevenci\u00f3n de abandonos, yo nunca lo har\u00eda.<\/p>\n<p style=\"text-align: justify\">Es verdad que cuidar de un perro anciano me impide correr a la Protectora para adoptar otro tal y como quisiera. Y tal y como har\u00eda cada vez que asistiera a un desfile de los celebrados estos d\u00edas en Valencia.<\/p>\n<p style=\"text-align: justify\">Pero tambi\u00e9n s\u00e9 que a Coco lo que m\u00e1s rabia le dar\u00e1, cuando se vaya, ser\u00e1 el no haber vivido m\u00e1s para acompa\u00f1arme a m\u00ed en mi vejez. Quiz\u00e1s por eso est\u00e1 aguantando tanto y ya va por 17 a\u00f1os. Para esperarme.<\/p>\n<!-- AddThis Advanced Settings generic via filter on the_content --><!-- AddThis Share Buttons generic via filter on the_content -->","protected":false},"excerpt":{"rendered":"<p>El Meeting Dogs no acapara las portadas ni los patrocinios de Ferrari o el Santander pero ha acogido durante una semana a miles de aficionados valencianos en el cauce del r\u00edo. Son los amantes de los perros quienes se han reunido en la Semana Canina Internacional para aprender sobre sus mascotas, presumir de ellas en [&hellip;]<!-- AddThis Advanced Settings generic via filter on get_the_excerpt --><!-- AddThis Share Buttons generic via filter on get_the_excerpt --><\/p>\n","protected":false},"author":6,"featured_media":0,"comment_status":"open","ping_status":"closed","sticky":false,"template":"","format":"standard","meta":[],"categories":[4],"tags":[21,130],"_links":{"self":[{"href":"https:\/\/blogs.lasprovincias.es\/mariajosepou\/wp-json\/wp\/v2\/posts\/299"}],"collection":[{"href":"https:\/\/blogs.lasprovincias.es\/mariajosepou\/wp-json\/wp\/v2\/posts"}],"about":[{"href":"https:\/\/blogs.lasprovincias.es\/mariajosepou\/wp-json\/wp\/v2\/types\/post"}],"author":[{"embeddable":true,"href":"https:\/\/blogs.lasprovincias.es\/mariajosepou\/wp-json\/wp\/v2\/users\/6"}],"replies":[{"embeddable":true,"href":"https:\/\/blogs.lasprovincias.es\/mariajosepou\/wp-json\/wp\/v2\/comments?post=299"}],"version-history":[{"count":0,"href":"https:\/\/blogs.lasprovincias.es\/mariajosepou\/wp-json\/wp\/v2\/posts\/299\/revisions"}],"wp:attachment":[{"href":"https:\/\/blogs.lasprovincias.es\/mariajosepou\/wp-json\/wp\/v2\/media?parent=299"}],"wp:term":[{"taxonomy":"category","embeddable":true,"href":"https:\/\/blogs.lasprovincias.es\/mariajosepou\/wp-json\/wp\/v2\/categories?post=299"},{"taxonomy":"post_tag","embeddable":true,"href":"https:\/\/blogs.lasprovincias.es\/mariajosepou\/wp-json\/wp\/v2\/tags?post=299"}],"curies":[{"name":"wp","href":"https:\/\/api.w.org\/{rel}","templated":true}]}}