{"id":308,"date":"2010-06-29T06:39:24","date_gmt":"2010-06-29T06:39:24","guid":{"rendered":"http:\/\/firmas.lasprovincias.es\/mariajosepou\/?p=308"},"modified":"2010-06-29T06:39:24","modified_gmt":"2010-06-29T06:39:24","slug":"cuatro-anos-dilatando","status":"publish","type":"post","link":"https:\/\/blogs.lasprovincias.es\/mariajosepou\/2010\/06\/29\/cuatro-anos-dilatando\/","title":{"rendered":"Cuatro a\u00f1os dilatando"},"content":{"rendered":"<p style=\"text-align: justify\"><a href=\"\/mariajosepou\/wp-content\/uploads\/sites\/4\/2010\/06\/g29p3f1.jpg\"><img loading=\"lazy\" class=\"alignleft size-thumbnail wp-image-309\" src=\"\/mariajosepou\/wp-content\/uploads\/sites\/4\/2010\/06\/g29p3f1.jpg\" alt=\"\" width=\"150\" height=\"150\" \/><\/a>No s\u00e9 qu\u00e9 pedir para los miembros del Tribunal Constitucional: unas vacaciones prolongadas por haber estado cuatro a\u00f1os deliberando, que ya es deliberar, o una rega\u00f1ina por haber necesitado la desesperaci\u00f3n de todo un pa\u00eds y la urgencia de unos presupuestos generales del Estado antes de decidirse a aprobar el Estatut.<\/p>\n<p style=\"text-align: justify\">Me decanto por el a\u00f1o sab\u00e1tico dado el esfuerzo de dilataci\u00f3n que han tenido que hacer sus se\u00f1or\u00edas -tambi\u00e9n los hombres- para dar a luz una sentencia que no gustar\u00e1 a nadie y aceptar\u00e1n todos. Lo que nos falta saber es a cambio de qu\u00e9.<\/p>\n<p style=\"text-align: justify\">Lo malo de este proceso es que los magistrados estaban atados de pies, manos y birrete. Si lo aceptaban, quiz\u00e1s se hubieran visto obligados a dar por v\u00e1lidos presupuestos que no pueden admitirse alegremente en otros contextos. Si no lo hac\u00edan, hubieran sido tachados de cualquier cosa menos de ecu\u00e1nimes y justos.<\/p>\n<p style=\"text-align: justify\">A eso se a\u00f1ad\u00eda otro problema que era la puesta en marcha de facto del Estatut. Si ya estaba asumido como tal, la marcha atr\u00e1s pod\u00eda ser contraproducente y no traer nada bueno a la ya deteriorada relaci\u00f3n entre Catalu\u00f1a y el resto de Espa\u00f1a.<\/p>\n<p style=\"text-align: justify\">Lo preocupante no es solo el tiempo que se ha tardado sino las razones que han llevado a tal desfase por no mencionar los momentos de acelerones que hemos visto hacer sin m\u00e1s relaci\u00f3n con el contenido que la oportunidad pol\u00edtica del momento.<\/p>\n<p style=\"text-align: justify\">Tal vez por eso, resulta ahora inevitable sospechar que las elecciones catalanas est\u00e1n suficientemente cerca de la sentencia del TC como para establecer alguna relaci\u00f3n causa-efecto. Lo mismo cabe decir de la mala situaci\u00f3n parlamentaria en la que ha quedado Zapatero tras la aprobaci\u00f3n de los ajustes y de la reforma laboral. En ese sentido, no parece tan rara la actitud de Dur\u00e1n i Lleida en las \u00faltimas sesiones.<\/p>\n<p style=\"text-align: justify\">As\u00ed pues, habr\u00e1 que felicitarse no solo por el resultado sino, sobre todo, porque sus se\u00f1or\u00edas puedan por fin descansar en paz sin que eso les lleve a la tumba; puedan ser ya sustituidos, sin m\u00e1s pol\u00e9micas y, sobre todo, puedan dedicarse a resolver otros asuntos que bien merecen su atenci\u00f3n.<\/p>\n<!-- AddThis Advanced Settings generic via filter on the_content --><!-- AddThis Share Buttons generic via filter on the_content -->","protected":false},"excerpt":{"rendered":"<p>No s\u00e9 qu\u00e9 pedir para los miembros del Tribunal Constitucional: unas vacaciones prolongadas por haber estado cuatro a\u00f1os deliberando, que ya es deliberar, o una rega\u00f1ina por haber necesitado la desesperaci\u00f3n de todo un pa\u00eds y la urgencia de unos presupuestos generales del Estado antes de decidirse a aprobar el Estatut. Me decanto por el [&hellip;]<!-- AddThis Advanced Settings generic via filter on get_the_excerpt --><!-- AddThis Share Buttons generic via filter on get_the_excerpt --><\/p>\n","protected":false},"author":6,"featured_media":0,"comment_status":"open","ping_status":"closed","sticky":false,"template":"","format":"standard","meta":[],"categories":[4],"tags":[37,51,136],"_links":{"self":[{"href":"https:\/\/blogs.lasprovincias.es\/mariajosepou\/wp-json\/wp\/v2\/posts\/308"}],"collection":[{"href":"https:\/\/blogs.lasprovincias.es\/mariajosepou\/wp-json\/wp\/v2\/posts"}],"about":[{"href":"https:\/\/blogs.lasprovincias.es\/mariajosepou\/wp-json\/wp\/v2\/types\/post"}],"author":[{"embeddable":true,"href":"https:\/\/blogs.lasprovincias.es\/mariajosepou\/wp-json\/wp\/v2\/users\/6"}],"replies":[{"embeddable":true,"href":"https:\/\/blogs.lasprovincias.es\/mariajosepou\/wp-json\/wp\/v2\/comments?post=308"}],"version-history":[{"count":0,"href":"https:\/\/blogs.lasprovincias.es\/mariajosepou\/wp-json\/wp\/v2\/posts\/308\/revisions"}],"wp:attachment":[{"href":"https:\/\/blogs.lasprovincias.es\/mariajosepou\/wp-json\/wp\/v2\/media?parent=308"}],"wp:term":[{"taxonomy":"category","embeddable":true,"href":"https:\/\/blogs.lasprovincias.es\/mariajosepou\/wp-json\/wp\/v2\/categories?post=308"},{"taxonomy":"post_tag","embeddable":true,"href":"https:\/\/blogs.lasprovincias.es\/mariajosepou\/wp-json\/wp\/v2\/tags?post=308"}],"curies":[{"name":"wp","href":"https:\/\/api.w.org\/{rel}","templated":true}]}}