{"id":311,"date":"2010-06-30T05:52:26","date_gmt":"2010-06-30T05:52:26","guid":{"rendered":"http:\/\/firmas.lasprovincias.es\/mariajosepou\/?p=311"},"modified":"2010-06-30T05:52:26","modified_gmt":"2010-06-30T05:52:26","slug":"pato-o-pico-a-la-naranja","status":"publish","type":"post","link":"https:\/\/blogs.lasprovincias.es\/mariajosepou\/2010\/06\/30\/pato-o-pico-a-la-naranja\/","title":{"rendered":"Pato (o pico) a la naranja"},"content":{"rendered":"<p style=\"text-align: justify\"><a href=\"\/mariajosepou\/wp-content\/uploads\/sites\/4\/2010\/06\/ave-buena.jpg\"><img loading=\"lazy\" class=\"alignleft size-medium wp-image-312\" src=\"\/mariajosepou\/wp-content\/uploads\/sites\/4\/2010\/06\/ave-buena.jpg\" alt=\"\" width=\"300\" height=\"138\" \/><\/a>Tanto tiempo oyendo hablar del AVE Madrid-Valencia, de que iba a venir, de que el trazado era \u00e9ste o el otro y de que solo Dios y Blanco saben cu\u00e1ndo llegar\u00e1, que ya hab\u00eda conseguido incorporar el dato a la memoria entre muchos otros sin que me produjera ni fr\u00edo ni calor. \u00bfEl AVE? Pues bien.<\/p>\n<p style=\"text-align: justify\">Sin embargo, ayer, viendo los trenes que nos acercar\u00e1n al centro de la Pen\u00ednsula en lo que dura un corte de publicidad, me entraron las ganas y me hizo ilusi\u00f3n. Ya sabemos cu\u00e1l es nuestra ave de AVE: ni paloma, ni t\u00f3rtola ni lechuza ni \u00e1guila imperial. La nuestra es \u00a1el pato! Un se\u00f1or pato con cal\u00e7otets, sarag\u00fcells i jopet\u00ed.<\/p>\n<p style=\"text-align: justify\">&#8220;Pato&#8221; o &#8220;Pico de pato&#8221; es el nombre que les han dado a los trenes que discurrir\u00e1n por la v\u00eda del AVE Madrid-Valencia. La raz\u00f3n es la forma que tiene, tan parecida a un pico de pato que le ponen una boina azul con cinta roja y un jersey marinero y acabamos llam\u00e1ndole Donald.<\/p>\n<p style=\"text-align: justify\">Yo quiero pensar que, en nuestro caso, es adem\u00e1s un homenaje a la Albufera valenciana y su maravilloso arroz meloso con pato aunque, la verdad, es que a la velocidad que ir\u00e1 este tren bien podr\u00edan haberle puesto forma de anguila, escurridiza y \u00e1gil, y homenajear con ello a El Palmar.<\/p>\n<p style=\"text-align: justify\">Quiz\u00e1s ocurra con la segunda generaci\u00f3n. Yo, de momento, he redescubierto desde ayer mi amor a todos los \u00e1nades del mundo: el pato a la naranja, el confit de pato, el Pato Lucas y hasta el Pato W.C. \u00a1Viva el pato manque tarde!<\/p>\n<p style=\"text-align: justify\">Cuenta el ministerio que el &#8220;superduck&#8221; (superpato, en ingl\u00e9s) anidar\u00e1 en los humedales del Turia all\u00e1 por el mes de diciembre. No s\u00e9 si para entonces nos quedar\u00e1 dinero para coger el tren, estar\u00e1n en huelga salvaje los maquinistas o Valencia-Madrid ser\u00e1 un viaje trascontinental con paso de fronteras incluido.<\/p>\n<p style=\"text-align: justify\">El caso es que resultar\u00e1 bonito, si al final se confirma, que el ministro nos traiga un AVE por Navidad. Y que no sea un pavo que trinchar. Tendremos que cambiarle el nombre y llamarle, a partir de entonces, Jos\u00e9 Blanca Navidad.<\/p>\n<!-- AddThis Advanced Settings generic via filter on the_content --><!-- AddThis Share Buttons generic via filter on the_content -->","protected":false},"excerpt":{"rendered":"<p>Tanto tiempo oyendo hablar del AVE Madrid-Valencia, de que iba a venir, de que el trazado era \u00e9ste o el otro y de que solo Dios y Blanco saben cu\u00e1ndo llegar\u00e1, que ya hab\u00eda conseguido incorporar el dato a la memoria entre muchos otros sin que me produjera ni fr\u00edo ni calor. \u00bfEl AVE? Pues [&hellip;]<!-- AddThis Advanced Settings generic via filter on get_the_excerpt --><!-- AddThis Share Buttons generic via filter on get_the_excerpt --><\/p>\n","protected":false},"author":6,"featured_media":0,"comment_status":"open","ping_status":"closed","sticky":false,"template":"","format":"standard","meta":[],"categories":[4],"tags":[24],"_links":{"self":[{"href":"https:\/\/blogs.lasprovincias.es\/mariajosepou\/wp-json\/wp\/v2\/posts\/311"}],"collection":[{"href":"https:\/\/blogs.lasprovincias.es\/mariajosepou\/wp-json\/wp\/v2\/posts"}],"about":[{"href":"https:\/\/blogs.lasprovincias.es\/mariajosepou\/wp-json\/wp\/v2\/types\/post"}],"author":[{"embeddable":true,"href":"https:\/\/blogs.lasprovincias.es\/mariajosepou\/wp-json\/wp\/v2\/users\/6"}],"replies":[{"embeddable":true,"href":"https:\/\/blogs.lasprovincias.es\/mariajosepou\/wp-json\/wp\/v2\/comments?post=311"}],"version-history":[{"count":0,"href":"https:\/\/blogs.lasprovincias.es\/mariajosepou\/wp-json\/wp\/v2\/posts\/311\/revisions"}],"wp:attachment":[{"href":"https:\/\/blogs.lasprovincias.es\/mariajosepou\/wp-json\/wp\/v2\/media?parent=311"}],"wp:term":[{"taxonomy":"category","embeddable":true,"href":"https:\/\/blogs.lasprovincias.es\/mariajosepou\/wp-json\/wp\/v2\/categories?post=311"},{"taxonomy":"post_tag","embeddable":true,"href":"https:\/\/blogs.lasprovincias.es\/mariajosepou\/wp-json\/wp\/v2\/tags?post=311"}],"curies":[{"name":"wp","href":"https:\/\/api.w.org\/{rel}","templated":true}]}}