{"id":317,"date":"2010-07-02T05:20:00","date_gmt":"2010-07-02T05:20:00","guid":{"rendered":"http:\/\/firmas.lasprovincias.es\/mariajosepou\/?p=317"},"modified":"2010-07-02T05:20:00","modified_gmt":"2010-07-02T05:20:00","slug":"semana-patriota","status":"publish","type":"post","link":"https:\/\/blogs.lasprovincias.es\/mariajosepou\/2010\/07\/02\/semana-patriota\/","title":{"rendered":"Semana patriota"},"content":{"rendered":"<p style=\"text-align: justify\"><a href=\"\/mariajosepou\/wp-content\/uploads\/sites\/4\/2010\/07\/Rebajas.jpg\"><img loading=\"lazy\" class=\"alignleft size-medium wp-image-318\" src=\"\/mariajosepou\/wp-content\/uploads\/sites\/4\/2010\/07\/Rebajas.jpg\" alt=\"\" width=\"300\" height=\"250\" srcset=\"https:\/\/static-blogs.lasprovincias.es\/wp-content\/uploads\/sites\/4\/2010\/07\/Rebajas.jpg 480w, https:\/\/static-blogs.lasprovincias.es\/wp-content\/uploads\/sites\/4\/2010\/07\/Rebajas-300x250.jpg 300w\" sizes=\"(max-width: 300px) 100vw, 300px\" \/><\/a>Llevo una semana tan patriota que miedo me da que me concedan la Gran Cruz de Isabel la Cat\u00f3lica este fin de semana. Sobre todo, porque no tengo nada que ponerme para ir a recogerla y porque me fastidiar\u00eda no poder ir a la playa a ponerme morena.<\/p>\n<p style=\"text-align: justify\">Por cierto, con tanto af\u00e1n por suprimir las cruces del \u00e1mbito p\u00fablico, no s\u00e9 que har\u00e1n con uno de los m\u00e1s altos honores que pueden concederse en Espa\u00f1a: cruz y de la reina cat\u00f3lica, todo un desprop\u00f3sito.<\/p>\n<p style=\"text-align: justify\">Volviendo a mi semana patriota, que nadie se confunda. No lo digo por haber visto el partido de Portugal. Como me aburre el f\u00fatbol, yo no lo veo. Lo noto. Es como los documentales de sobremesa de la 2 que no los veo, sino que los duermo. En esto pasa igual. Me pongo a ver otra cosa y cuando noto un temblor de tierra acompa\u00f1ado por un rugido que parece decir \u00ab\u00a1gol!\u00bb deduzco que Espa\u00f1a ha metido un tanto y cambio de canal para ver el momento.<\/p>\n<p style=\"text-align: justify\">Ya s\u00e9 que eso resta emoci\u00f3n pero tambi\u00e9n evita sufrimientos y, sobre todo, permite ver otros programas m\u00e1s interesantes sin perder las mejores escenas del partido.<\/p>\n<p style=\"text-align: justify\">De todos modos no es eso lo que me hace sentir patriota. Mi semana ha sido de medalla al m\u00e9rito civil porque empec\u00e9 pagando a Hacienda con una de las gl\u00e1ndulas suprarrenales que ven\u00eda a mi espalda de f\u00e1brica. Despu\u00e9s me fui de shopping el d\u00eda antes de empezar las rebajas. No despu\u00e9s, que no tiene m\u00e9rito, sino justo antes, sobre todo, porque no soporto hacer cola en los probadores.<\/p>\n<p style=\"text-align: justify\">Por \u00faltimo, para rematar mi entrega desinteresada y heroica por Espa\u00f1a, ayer llen\u00e9 el carro de la compra, en el mercado, de todo tipo de manjares sin reparar en gastos. Todo con tal de estrenar el nuevo IVA.<\/p>\n<p style=\"text-align: justify\">Solo me falta, para rematar, decidirme por un coche nuevo cuando se han acabado las ayudas, subvenciones y descuentos. Si eso no es esforzarme por la madre patria, que venga Paj\u00edn y que lo vea.<\/p>\n<p style=\"text-align: justify\">Ya lo dec\u00eda Victoria Beckham cuando le reprochaban sus gastos. Era pura solidaridad y patriotismo.<\/p>\n<!-- AddThis Advanced Settings generic via filter on the_content --><!-- AddThis Share Buttons generic via filter on the_content -->","protected":false},"excerpt":{"rendered":"<p>Llevo una semana tan patriota que miedo me da que me concedan la Gran Cruz de Isabel la Cat\u00f3lica este fin de semana. Sobre todo, porque no tengo nada que ponerme para ir a recogerla y porque me fastidiar\u00eda no poder ir a la playa a ponerme morena. Por cierto, con tanto af\u00e1n por suprimir [&hellip;]<!-- AddThis Advanced Settings generic via filter on get_the_excerpt --><!-- AddThis Share Buttons generic via filter on get_the_excerpt --><\/p>\n","protected":false},"author":6,"featured_media":0,"comment_status":"open","ping_status":"closed","sticky":false,"template":"","format":"standard","meta":[],"categories":[4],"tags":[99],"_links":{"self":[{"href":"https:\/\/blogs.lasprovincias.es\/mariajosepou\/wp-json\/wp\/v2\/posts\/317"}],"collection":[{"href":"https:\/\/blogs.lasprovincias.es\/mariajosepou\/wp-json\/wp\/v2\/posts"}],"about":[{"href":"https:\/\/blogs.lasprovincias.es\/mariajosepou\/wp-json\/wp\/v2\/types\/post"}],"author":[{"embeddable":true,"href":"https:\/\/blogs.lasprovincias.es\/mariajosepou\/wp-json\/wp\/v2\/users\/6"}],"replies":[{"embeddable":true,"href":"https:\/\/blogs.lasprovincias.es\/mariajosepou\/wp-json\/wp\/v2\/comments?post=317"}],"version-history":[{"count":0,"href":"https:\/\/blogs.lasprovincias.es\/mariajosepou\/wp-json\/wp\/v2\/posts\/317\/revisions"}],"wp:attachment":[{"href":"https:\/\/blogs.lasprovincias.es\/mariajosepou\/wp-json\/wp\/v2\/media?parent=317"}],"wp:term":[{"taxonomy":"category","embeddable":true,"href":"https:\/\/blogs.lasprovincias.es\/mariajosepou\/wp-json\/wp\/v2\/categories?post=317"},{"taxonomy":"post_tag","embeddable":true,"href":"https:\/\/blogs.lasprovincias.es\/mariajosepou\/wp-json\/wp\/v2\/tags?post=317"}],"curies":[{"name":"wp","href":"https:\/\/api.w.org\/{rel}","templated":true}]}}