{"id":320,"date":"2010-07-03T05:42:52","date_gmt":"2010-07-03T05:42:52","guid":{"rendered":"http:\/\/firmas.lasprovincias.es\/mariajosepou\/?p=320"},"modified":"2010-07-03T05:42:52","modified_gmt":"2010-07-03T05:42:52","slug":"acompaname-te-sorprenderas","status":"publish","type":"post","link":"https:\/\/blogs.lasprovincias.es\/mariajosepou\/2010\/07\/03\/acompaname-te-sorprenderas\/","title":{"rendered":"Acomp\u00e1\u00f1ame, te sorprender\u00e1s"},"content":{"rendered":"<p style=\"text-align: justify\"><a href=\"\/mariajosepou\/wp-content\/uploads\/sites\/4\/2010\/07\/15389_sorpresa-sorpresa-con-isabel-gemio1.jpg\"><img loading=\"lazy\" class=\"alignleft size-medium wp-image-321\" src=\"\/mariajosepou\/wp-content\/uploads\/sites\/4\/2010\/07\/15389_sorpresa-sorpresa-con-isabel-gemio1.jpg\" alt=\"\" width=\"300\" height=\"208\" srcset=\"https:\/\/static-blogs.lasprovincias.es\/wp-content\/uploads\/sites\/4\/2010\/07\/15389_sorpresa-sorpresa-con-isabel-gemio1.jpg 930w, https:\/\/static-blogs.lasprovincias.es\/wp-content\/uploads\/sites\/4\/2010\/07\/15389_sorpresa-sorpresa-con-isabel-gemio1-300x208.jpg 300w, https:\/\/static-blogs.lasprovincias.es\/wp-content\/uploads\/sites\/4\/2010\/07\/15389_sorpresa-sorpresa-con-isabel-gemio1-768x533.jpg 768w\" sizes=\"(max-width: 300px) 100vw, 300px\" \/><\/a>Ahora que ha terminado el semestre espa\u00f1ol en la presidencia de la Uni\u00f3n Europea y algunas voces preconizan el cambio de gobierno aunque Zapatero diga que no, es el momento de incorporar a Isabel Gemio al Gabinete.<\/p>\n<p style=\"text-align: justify\">No lo digo por el glamour que para eso ya pusieron a Gonz\u00e1lez Sinde, seg\u00fan C\u00e9sar Antonio Molina. Tampoco por la capacidad de entretener y protagonizar un show televisivo que ese papel ya lo hace Paj\u00edn. Ni siquiera es necesaria para asomar como &#8216;madre coraje&#8217;. Si es por eso, Zapatero no tendr\u00eda m\u00e1s que elegir a Bel\u00e9n Esteban. Eso s\u00ed, evitando llevarla a cumbres internacionales, para no quitar protagonismo a las velinas de Berlusconi, b\u00e1sicamente.<\/p>\n<p style=\"text-align: justify\">El caso es que, con la Gemio, ser\u00eda mucho m\u00e1s divertido el factor sorpresa que est\u00e1 caracterizando a algunas decisiones aparentemente inocuas del Gobierno. Primero fue la ayuda a la compra de veh\u00edculos cuya carga fiscal ven\u00eda enmascarada. De ella no supimos hasta que toc\u00f3 hacer la declaraci\u00f3n de la renta y, para entonces, ya era tarde. Ahora ocurre lo mismo con la subida del IVA por lo que se refiere a recibos de agua, luz, gas o telefon\u00eda. Nosotros, ingenuos, cre\u00edmos que el mal comenzaba en julio pero no. Acabamos de saber que nos pueden cobrar el 18% ya desde hace meses.<\/p>\n<p style=\"text-align: justify\">\u00bfQu\u00e9 ser\u00e1 lo pr\u00f3ximo? \u00bfConvocar elecciones y saber que su resultado no regir\u00e1 por cuatro a\u00f1os sino por toda la eternidad?<\/p>\n<p style=\"text-align: justify\">Hay que reconocerle a Zapatero una enorme tendencia a la innovaci\u00f3n. En el peor sentido. Nunca dejar\u00e1 de sorprenderme. Por eso quiero que sea Isabel, la gran dama de la sorpresa audiovisual, quien encabece la inevitable venta de iniciativas que todo Ejecutivo necesita.<\/p>\n<p style=\"text-align: justify\">Ya me lo estoy imaginando. Llaman a mi puerta. Aparece un c\u00e1mara de televisi\u00f3n que me ciega y desde un monitor, una voz conocida me dice: \u00abM\u00aaJos\u00e9, \u00bfsabes qui\u00e9n soy?\u00bb y yo, reconoci\u00e9ndola, exclamo: \u00ab\u00a1claro que s\u00ed, Isabel, \u00bfque me has tra\u00eddo a George Clooney?\u00bb. Ella reir\u00e1 a lo Cruella de Ville y dir\u00e1: &#8220;no, chata, te traigo un recibo de Zapatero de 200.000 euros, \u00bfa que no te lo esperabas?&#8221;.<\/p>\n<p style=\"text-align: justify\">Y entonces sonar\u00e1n las risas enlatadas.<\/p>\n<!-- AddThis Advanced Settings generic via filter on the_content --><!-- AddThis Share Buttons generic via filter on the_content -->","protected":false},"excerpt":{"rendered":"<p>Ahora que ha terminado el semestre espa\u00f1ol en la presidencia de la Uni\u00f3n Europea y algunas voces preconizan el cambio de gobierno aunque Zapatero diga que no, es el momento de incorporar a Isabel Gemio al Gabinete. No lo digo por el glamour que para eso ya pusieron a Gonz\u00e1lez Sinde, seg\u00fan C\u00e9sar Antonio Molina. [&hellip;]<!-- AddThis Advanced Settings generic via filter on get_the_excerpt --><!-- AddThis Share Buttons generic via filter on get_the_excerpt --><\/p>\n","protected":false},"author":6,"featured_media":0,"comment_status":"open","ping_status":"closed","sticky":false,"template":"","format":"standard","meta":[],"categories":[4],"tags":[65,99,187],"_links":{"self":[{"href":"https:\/\/blogs.lasprovincias.es\/mariajosepou\/wp-json\/wp\/v2\/posts\/320"}],"collection":[{"href":"https:\/\/blogs.lasprovincias.es\/mariajosepou\/wp-json\/wp\/v2\/posts"}],"about":[{"href":"https:\/\/blogs.lasprovincias.es\/mariajosepou\/wp-json\/wp\/v2\/types\/post"}],"author":[{"embeddable":true,"href":"https:\/\/blogs.lasprovincias.es\/mariajosepou\/wp-json\/wp\/v2\/users\/6"}],"replies":[{"embeddable":true,"href":"https:\/\/blogs.lasprovincias.es\/mariajosepou\/wp-json\/wp\/v2\/comments?post=320"}],"version-history":[{"count":0,"href":"https:\/\/blogs.lasprovincias.es\/mariajosepou\/wp-json\/wp\/v2\/posts\/320\/revisions"}],"wp:attachment":[{"href":"https:\/\/blogs.lasprovincias.es\/mariajosepou\/wp-json\/wp\/v2\/media?parent=320"}],"wp:term":[{"taxonomy":"category","embeddable":true,"href":"https:\/\/blogs.lasprovincias.es\/mariajosepou\/wp-json\/wp\/v2\/categories?post=320"},{"taxonomy":"post_tag","embeddable":true,"href":"https:\/\/blogs.lasprovincias.es\/mariajosepou\/wp-json\/wp\/v2\/tags?post=320"}],"curies":[{"name":"wp","href":"https:\/\/api.w.org\/{rel}","templated":true}]}}