{"id":324,"date":"2010-07-04T07:45:46","date_gmt":"2010-07-04T07:45:46","guid":{"rendered":"http:\/\/firmas.lasprovincias.es\/mariajosepou\/?p=324"},"modified":"2010-07-04T07:45:46","modified_gmt":"2010-07-04T07:45:46","slug":"el-cristal-rojo","status":"publish","type":"post","link":"https:\/\/blogs.lasprovincias.es\/mariajosepou\/2010\/07\/04\/el-cristal-rojo\/","title":{"rendered":"El cristal rojo"},"content":{"rendered":"<p style=\"text-align: justify\"><a href=\"\/mariajosepou\/wp-content\/uploads\/sites\/4\/2010\/07\/cristal-rojo1.jpg\"><img loading=\"lazy\" class=\"alignleft size-medium wp-image-325\" src=\"\/mariajosepou\/wp-content\/uploads\/sites\/4\/2010\/07\/cristal-rojo1.jpg\" alt=\"\" width=\"300\" height=\"199\" \/><\/a>En la playa, hay varias banderas que nos hemos acostumbrado a ver: la que indica si podemos ba\u00f1arnos o no, de color verde, amarillo o rojo; la que nos garantiza la calidad, la bandera azul de Europa, y otra perfectamente reconocible por cualquiera de nosotros, la de la Cruz Roja. Su presencia suele pasar inadvertida hasta que nos pica una medusa y la buscamos con ansia. Es sin\u00f3nimo de alivio, de cura y de tranquilidad.<\/p>\n<p style=\"text-align: justify\">Dudo que esa cruz plantee problemas morales a quienes atestamos la arena. Seguramente ni siquiera lo pensamos, es m\u00e1s, alguno habr\u00e1 ca\u00eddo en la cuenta ahora de que se trata de un s\u00edmbolo religioso. En origen, lo es, sin duda, pero nadie se acerca all\u00ed para que le conforten espiritualmente m\u00e1s all\u00e1 de lo que supone dejar de maldecir a la madre naturaleza por haber creado unos bichos que tanto escuecen al contacto con la piel.<\/p>\n<p style=\"text-align: justify\">Lo mismo sucede con las banderas verde, amarilla o roja. Nadie mira la bandera roja y piensa en la revoluci\u00f3n bolchevique o la revoluci\u00f3n cultural de Mao. Ve el color rojo y reniega por no poder ba\u00f1arse esa ma\u00f1ana.<\/p>\n<p style=\"text-align: justify\">Por eso aqu\u00ed no parece necesario sustituir la Cruz Roja por otro s\u00edmbolo como el que acaba de ser aprobado, el Cristal Rojo.<\/p>\n<p style=\"text-align: justify\">Esa variaci\u00f3n no es la primera. Todos conocemos la Media Luna Roja o la Estrella de David que usan los pa\u00edses isl\u00e1micos e Israel, respectivamente. Son adaptaciones que evitan la se\u00f1al del Cristianismo sustituy\u00e9ndola por otra, tambi\u00e9n de car\u00e1cter religioso m\u00e1s af\u00edn a su contexto.<\/p>\n<p style=\"text-align: justify\">El cristal, sin embargo, no tiene significado religioso y \u00e9sa es la raz\u00f3n por la que puede ser usado en cualquier pa\u00eds. La cuesti\u00f3n es adivinar cu\u00e1nto tardar\u00e1n algunos en reclamar su uso en Espa\u00f1a a cuenta del pluralismo religioso.<\/p>\n<p style=\"text-align: justify\">Por un lado es razonable que se quiera evitar la suspicacia, pero por otro resulta un tanto rid\u00edculo habida cuenta de que nadie piensa en la cruz cuando acude a la Cruz Roja. Piensa en ayuda y socorro. Y punto. Me extra\u00f1ar\u00eda que alguien rechazara su servicio por hacerlo al amparo de una cruz. Yo casi lo prefiero.<\/p>\n<!-- AddThis Advanced Settings generic via filter on the_content --><!-- AddThis Share Buttons generic via filter on the_content -->","protected":false},"excerpt":{"rendered":"<p>En la playa, hay varias banderas que nos hemos acostumbrado a ver: la que indica si podemos ba\u00f1arnos o no, de color verde, amarillo o rojo; la que nos garantiza la calidad, la bandera azul de Europa, y otra perfectamente reconocible por cualquiera de nosotros, la de la Cruz Roja. Su presencia suele pasar inadvertida [&hellip;]<!-- AddThis Advanced Settings generic via filter on get_the_excerpt --><!-- AddThis Share Buttons generic via filter on get_the_excerpt --><\/p>\n","protected":false},"author":6,"featured_media":0,"comment_status":"open","ping_status":"closed","sticky":false,"template":"","format":"standard","meta":[],"categories":[4],"tags":[97,98,148],"_links":{"self":[{"href":"https:\/\/blogs.lasprovincias.es\/mariajosepou\/wp-json\/wp\/v2\/posts\/324"}],"collection":[{"href":"https:\/\/blogs.lasprovincias.es\/mariajosepou\/wp-json\/wp\/v2\/posts"}],"about":[{"href":"https:\/\/blogs.lasprovincias.es\/mariajosepou\/wp-json\/wp\/v2\/types\/post"}],"author":[{"embeddable":true,"href":"https:\/\/blogs.lasprovincias.es\/mariajosepou\/wp-json\/wp\/v2\/users\/6"}],"replies":[{"embeddable":true,"href":"https:\/\/blogs.lasprovincias.es\/mariajosepou\/wp-json\/wp\/v2\/comments?post=324"}],"version-history":[{"count":0,"href":"https:\/\/blogs.lasprovincias.es\/mariajosepou\/wp-json\/wp\/v2\/posts\/324\/revisions"}],"wp:attachment":[{"href":"https:\/\/blogs.lasprovincias.es\/mariajosepou\/wp-json\/wp\/v2\/media?parent=324"}],"wp:term":[{"taxonomy":"category","embeddable":true,"href":"https:\/\/blogs.lasprovincias.es\/mariajosepou\/wp-json\/wp\/v2\/categories?post=324"},{"taxonomy":"post_tag","embeddable":true,"href":"https:\/\/blogs.lasprovincias.es\/mariajosepou\/wp-json\/wp\/v2\/tags?post=324"}],"curies":[{"name":"wp","href":"https:\/\/api.w.org\/{rel}","templated":true}]}}