{"id":33,"date":"2010-04-22T04:54:13","date_gmt":"2010-04-22T04:54:13","guid":{"rendered":"http:\/\/firmas.lasprovincias.es\/mariajosepou\/?p=33"},"modified":"2010-04-22T04:54:13","modified_gmt":"2010-04-22T04:54:13","slug":"evo-y-la-papa-satanica","status":"publish","type":"post","link":"https:\/\/blogs.lasprovincias.es\/mariajosepou\/2010\/04\/22\/evo-y-la-papa-satanica\/","title":{"rendered":"Evo y la papa sat\u00e1nica"},"content":{"rendered":"<p style=\"text-align: justify\">Evo Morales ha hablado de la patata. Ya s\u00e9 que tambi\u00e9n lo ha hecho de los homosexuales pero eso no merece que nos detengamos. Es un pensamiento transg\u00e9nico y, como tal, mutado y carente de inter\u00e9s.<\/p>\n<p>Ser\u00e1 que a Evo le va mucho la pollera color\u00e1 y, con tanta cumbia, se ha mareado. Es lo que tiene ser modelo del borreguito Norit con sus jerseys afroindigenistas: pasarela para arriba, ahora uno de perl\u00e9, pasarela para abajo, ahora uno de crochet con su rebequita y su canes\u00fa. En definitiva, un l\u00edo que le ha llevado a desvariar.<\/p>\n<p>Lo importante es que ese pedazo de intelectual ind\u00edgena sin modificar gen\u00e9ticamente dice que su \u201cpapa\u201d, la patata americana original, ha sido satanizada en Europa.<\/p>\n<p>Yo doy fe de que es as\u00ed en algunos experimentos culinarios de grandes chefs o en costumbres gastron\u00f3micas de algunos bares que vienen reciclando el aceite usado desde el d\u00eda de su inauguraci\u00f3n.<\/p>\n<p>Sin ir m\u00e1s lejos, si yo fuera Evo mandar\u00eda al ej\u00e9rcito boliviano a quemar al cocinero de las patatas fritas de los burguer de segunda, al ocurrente promotor de las \u201cfish and chips\u201d brit\u00e1nicas y a quien destroza todo rastro de patata en las bolsas del supermercado que pregonan \u201csin sal\u201d,\u201dsin grasas\u201d y \u201csin f\u00e9cula\u201d. O sea, una loncha de nada.<\/p>\n<p>A lo que se refiere ese faro que alumbra las Am\u00e9ricas es a que Europa no ha sabido cuidar el maravilloso regalo que Col\u00f3n nos hizo. Es posible.<\/p>\n<p>Yo, a Col\u00f3n, lo tengo en un altar privado y cada d\u00eda le canto un Te Deum por haber posibilitado que el Viejo Continente conociera la patata y el chocolate. O sea, que yo pueda comer unas patatitas a lo pobre con ajitos tiernos que quitan el <em>sent\u00edo<\/em> y un Tartufo en la Piazza Navona entonando \u201cevviva Crist\u00f3foro Colombo, Isabella di Castiglia, Ferdinando di Aragona e tutta la loro famiglia!\u201d.<\/p>\n<p>A Evo lo que le hace falta es probar unas patatas bravas para comprobar el trato humanitario que le damos al tub\u00e9rculo y, sobre todo, a sus m\u00e1s incondicionales aficionados, como una servidora. Igual me quedar\u00e9 calva pero me tiene sin cuidado.<\/p>\n<!-- AddThis Advanced Settings generic via filter on the_content --><!-- AddThis Share Buttons generic via filter on the_content -->","protected":false},"excerpt":{"rendered":"<p>Evo Morales ha hablado de la patata. Ya s\u00e9 que tambi\u00e9n lo ha hecho de los homosexuales pero eso no merece que nos detengamos. Es un pensamiento transg\u00e9nico y, como tal, mutado y carente de inter\u00e9s. Ser\u00e1 que a Evo le va mucho la pollera color\u00e1 y, con tanta cumbia, se ha mareado. Es lo [&hellip;]<!-- AddThis Advanced Settings generic via filter on get_the_excerpt --><!-- AddThis Share Buttons generic via filter on get_the_excerpt --><\/p>\n","protected":false},"author":6,"featured_media":0,"comment_status":"open","ping_status":"closed","sticky":false,"template":"","format":"standard","meta":[],"categories":[4],"tags":[],"_links":{"self":[{"href":"https:\/\/blogs.lasprovincias.es\/mariajosepou\/wp-json\/wp\/v2\/posts\/33"}],"collection":[{"href":"https:\/\/blogs.lasprovincias.es\/mariajosepou\/wp-json\/wp\/v2\/posts"}],"about":[{"href":"https:\/\/blogs.lasprovincias.es\/mariajosepou\/wp-json\/wp\/v2\/types\/post"}],"author":[{"embeddable":true,"href":"https:\/\/blogs.lasprovincias.es\/mariajosepou\/wp-json\/wp\/v2\/users\/6"}],"replies":[{"embeddable":true,"href":"https:\/\/blogs.lasprovincias.es\/mariajosepou\/wp-json\/wp\/v2\/comments?post=33"}],"version-history":[{"count":0,"href":"https:\/\/blogs.lasprovincias.es\/mariajosepou\/wp-json\/wp\/v2\/posts\/33\/revisions"}],"wp:attachment":[{"href":"https:\/\/blogs.lasprovincias.es\/mariajosepou\/wp-json\/wp\/v2\/media?parent=33"}],"wp:term":[{"taxonomy":"category","embeddable":true,"href":"https:\/\/blogs.lasprovincias.es\/mariajosepou\/wp-json\/wp\/v2\/categories?post=33"},{"taxonomy":"post_tag","embeddable":true,"href":"https:\/\/blogs.lasprovincias.es\/mariajosepou\/wp-json\/wp\/v2\/tags?post=33"}],"curies":[{"name":"wp","href":"https:\/\/api.w.org\/{rel}","templated":true}]}}