{"id":330,"date":"2010-07-06T07:56:21","date_gmt":"2010-07-06T07:56:21","guid":{"rendered":"http:\/\/firmas.lasprovincias.es\/mariajosepou\/?p=330"},"modified":"2010-07-06T07:56:21","modified_gmt":"2010-07-06T07:56:21","slug":"el-verano-fresquito","status":"publish","type":"post","link":"https:\/\/blogs.lasprovincias.es\/mariajosepou\/2010\/07\/06\/el-verano-fresquito\/","title":{"rendered":"El verano fresquito"},"content":{"rendered":"<p style=\"text-align: justify\"><a href=\"\/mariajosepou\/wp-content\/uploads\/sites\/4\/2010\/07\/calor-en-Zaragoza.jpg\"><img loading=\"lazy\" class=\"alignleft size-medium wp-image-331\" src=\"\/mariajosepou\/wp-content\/uploads\/sites\/4\/2010\/07\/calor-en-Zaragoza.jpg\" alt=\"\" width=\"300\" height=\"245\" \/><\/a>Uno de los problemas de Internet por lo que se refiere a las noticias es que cualquier cosa puede ser lanzada con \u00e9xito siempre que se haga a trav\u00e9s de la Red. Es verdad que al cabo de unas horas o de unos d\u00edas, si se trata de una burbuja falsa, se desinflar\u00e1, pero hasta entonces la noticia triunfar\u00e1.<\/p>\n<p style=\"text-align: justify\">Una de ellas fue el bulo de que <a href=\"http:\/\/www.lasprovincias.es\/v\/20100611\/comunitat\/verano-seco-pero-fresco-20100611.html\" target=\"_blank\" rel=\"external nofollow\">este verano ser\u00eda fresco<\/a>. Algunos incluso se lanzaron a se\u00f1alar que la raz\u00f3n era el volc\u00e1n finland\u00e9s y sus potentes cenizas, capaces de hacer descender la temperatura de la tierra unos grados. Ya vemos que acertaron. Concretamente hoy, mientras voy escribiendo con la dificultad l\u00f3gica de que las yemitas de los dedos resbalan sobre las teclas, lo puedo confirmar. Es evidente que hace un verano fresquito.<\/p>\n<p style=\"text-align: justify\">Sin embargo, todos lo dimos por v\u00e1lido. E incluso nos pareci\u00f3 razonable que el dichoso volc\u00e1n de nombre impronunciable e intenciones perversas, fuera capaz de modificar nuestro entorno hasta ese punto. Una cosa es su influencia en el \u00e1rea m\u00e1s cercana y durante el tiempo que dura la erupci\u00f3n o sus consecuencias inmediatas, y otra que cambie el clima para todo el continente.<\/p>\n<p style=\"text-align: justify\">Al cabo de unos d\u00edas, atendimos a lo contrario con un titular totalmente opuesto: el verano iba a ser m\u00e1s caluroso de lo habitual. Lo curioso es que tambi\u00e9n se cont\u00f3 la noticia y sus detalles con gran rotundidad y ning\u00fan sentimiento de culpa por haber dicho, poco tiempo atr\u00e1s, justo todo lo contrario. Aquello est\u00e1 borrado de la memoria cach\u00e9 y nadie lo recuerda. \u00bfSe public\u00f3 de verdad? Yo, a veces, llego a tener mis dudas acerca de este tipo de cosas.<\/p>\n<p style=\"text-align: justify\">Lo peor es la falta de referencia que parecemos tener cada vez que llega una nueva estaci\u00f3n. Es lo que hace que digamos aquello de \u00abno recuerdo un verano as\u00ed\u00bb. Y s\u00ed, si hacemos memoria, lo ha habido. Por ejemplo, esta ola de calor africano. Es insoportable, sin duda, pero no es peor que aquella que se cobr\u00f3 la vida de muchos ancianos en Europa. Pero nuestra asfixia de hoy se resiste a recordar la de ayer.<\/p>\n<!-- AddThis Advanced Settings generic via filter on the_content --><!-- AddThis Share Buttons generic via filter on the_content -->","protected":false},"excerpt":{"rendered":"<p>Uno de los problemas de Internet por lo que se refiere a las noticias es que cualquier cosa puede ser lanzada con \u00e9xito siempre que se haga a trav\u00e9s de la Red. Es verdad que al cabo de unas horas o de unos d\u00edas, si se trata de una burbuja falsa, se desinflar\u00e1, pero hasta [&hellip;]<!-- AddThis Advanced Settings generic via filter on get_the_excerpt --><!-- AddThis Share Buttons generic via filter on get_the_excerpt --><\/p>\n","protected":false},"author":6,"featured_media":0,"comment_status":"open","ping_status":"closed","sticky":false,"template":"","format":"standard","meta":[],"categories":[4],"tags":[47,182],"_links":{"self":[{"href":"https:\/\/blogs.lasprovincias.es\/mariajosepou\/wp-json\/wp\/v2\/posts\/330"}],"collection":[{"href":"https:\/\/blogs.lasprovincias.es\/mariajosepou\/wp-json\/wp\/v2\/posts"}],"about":[{"href":"https:\/\/blogs.lasprovincias.es\/mariajosepou\/wp-json\/wp\/v2\/types\/post"}],"author":[{"embeddable":true,"href":"https:\/\/blogs.lasprovincias.es\/mariajosepou\/wp-json\/wp\/v2\/users\/6"}],"replies":[{"embeddable":true,"href":"https:\/\/blogs.lasprovincias.es\/mariajosepou\/wp-json\/wp\/v2\/comments?post=330"}],"version-history":[{"count":0,"href":"https:\/\/blogs.lasprovincias.es\/mariajosepou\/wp-json\/wp\/v2\/posts\/330\/revisions"}],"wp:attachment":[{"href":"https:\/\/blogs.lasprovincias.es\/mariajosepou\/wp-json\/wp\/v2\/media?parent=330"}],"wp:term":[{"taxonomy":"category","embeddable":true,"href":"https:\/\/blogs.lasprovincias.es\/mariajosepou\/wp-json\/wp\/v2\/categories?post=330"},{"taxonomy":"post_tag","embeddable":true,"href":"https:\/\/blogs.lasprovincias.es\/mariajosepou\/wp-json\/wp\/v2\/tags?post=330"}],"curies":[{"name":"wp","href":"https:\/\/api.w.org\/{rel}","templated":true}]}}