{"id":336,"date":"2010-07-08T06:22:49","date_gmt":"2010-07-08T06:22:49","guid":{"rendered":"http:\/\/firmas.lasprovincias.es\/mariajosepou\/?p=336"},"modified":"2010-07-08T06:22:49","modified_gmt":"2010-07-08T06:22:49","slug":"patriotismo-de-sofa","status":"publish","type":"post","link":"https:\/\/blogs.lasprovincias.es\/mariajosepou\/2010\/07\/08\/patriotismo-de-sofa\/","title":{"rendered":"Patriotismo de sof\u00e1"},"content":{"rendered":"<p style=\"text-align: justify\"><a href=\"\/mariajosepou\/wp-content\/uploads\/sites\/4\/2010\/07\/camiseta-espa\u00f1a-mundial-20101.jpg\"><img loading=\"lazy\" class=\"alignleft size-medium wp-image-339\" src=\"\/mariajosepou\/wp-content\/uploads\/sites\/4\/2010\/07\/camiseta-espa\u00f1a-mundial-20101.jpg\" alt=\"\" width=\"300\" height=\"211\" \/><\/a>Ya nos pas\u00f3 con la Eurocopa pero se ha vuelto a repetir, multiplicado, durante el Mundial de Sud\u00e1frica por el \u00e9xito que ha acompa\u00f1ado a la &#8216;Roja&#8217;. Me refiero a la repentina necesidad de rodearse de ense\u00f1as patrias para ver un partido en el sof\u00e1 de casa. Yo entiendo ese comportamiento en el campo, para apoyar al equipo de cada uno. M\u00e1s que nada porque all\u00ed los jugadores pueden ver y palpar ese \u00e1nimo.<\/p>\n<p style=\"text-align: justify\">Sin embargo, me cuesta entender la eficacia que pueda tener vestirse con la camiseta del propio equipo o de la Selecci\u00f3n cuando uno no va a salir siquiera de casa. \u00bfEn qu\u00e9 les ayuda eso? Es un misterio para m\u00ed.<\/p>\n<p style=\"text-align: justify\">Supongo que entra dentro de la p\u00e9rdida de racionalidad con la que asumimos vivir un gran evento deportivo que implica emocionalmente a toda la naci\u00f3n. S\u00f3lo as\u00ed se entiende que coloquemos una bandera espa\u00f1ola en el balc\u00f3n que para s\u00ed quisiera la procesi\u00f3n del Corpus o que nos enrosquemos al cuello una bufanda rojigualda que ni Blas Pi\u00f1ar un 20 de noviembre en el Valle de los Ca\u00eddos.<\/p>\n<p style=\"text-align: justify\">Lo que m\u00e1s me ha preocupado estos d\u00edas, sinceramente, es ver la evoluci\u00f3n de la venta de camisetas de la Selecci\u00f3n en los &#8216;chinos&#8217; de Russafa. Hay uno, cerca del mercado, que no es que sea tienda multiprecio sino que es toda la China Popular metida en pleno barrio de lo grande que es.<\/p>\n<p style=\"text-align: justify\">El caso es que estos d\u00edas, cada vez que pasaba, ve\u00eda en la puerta un mont\u00f3n de camisetas colgadas. Siempre estaban ah\u00ed. Me hac\u00eda gracia ver ense\u00f1as tan patriotas en un comercio de chinos pero luego me di cuenta de que su negocio era no tener remilgos para vender cualquier cosa. Por eso all\u00ed puedes comprar hasta un Sagrado Coraz\u00f3n de Jes\u00fas con rasgos orientales, a quien solo le falta el gong para ser multicultural.<\/p>\n<p style=\"text-align: justify\">Ayer por la ma\u00f1ana supe que algo iba a pasar porque no quedaba ni una. Tampoco en derredor. \u00bfEs posible que se agoten banderas y camisetas? A este paso ser\u00e1 en los vestuarios de los estadios donde veamos el &#8216;Todo por la patria&#8217;.<\/p>\n<!-- AddThis Advanced Settings generic via filter on the_content --><!-- AddThis Share Buttons generic via filter on the_content -->","protected":false},"excerpt":{"rendered":"<p>Ya nos pas\u00f3 con la Eurocopa pero se ha vuelto a repetir, multiplicado, durante el Mundial de Sud\u00e1frica por el \u00e9xito que ha acompa\u00f1ado a la &#8216;Roja&#8217;. Me refiero a la repentina necesidad de rodearse de ense\u00f1as patrias para ver un partido en el sof\u00e1 de casa. Yo entiendo ese comportamiento en el campo, para [&hellip;]<!-- AddThis Advanced Settings generic via filter on get_the_excerpt --><!-- AddThis Share Buttons generic via filter on get_the_excerpt --><\/p>\n","protected":false},"author":6,"featured_media":0,"comment_status":"open","ping_status":"closed","sticky":false,"template":"","format":"standard","meta":[],"categories":[4],"tags":[83,126],"_links":{"self":[{"href":"https:\/\/blogs.lasprovincias.es\/mariajosepou\/wp-json\/wp\/v2\/posts\/336"}],"collection":[{"href":"https:\/\/blogs.lasprovincias.es\/mariajosepou\/wp-json\/wp\/v2\/posts"}],"about":[{"href":"https:\/\/blogs.lasprovincias.es\/mariajosepou\/wp-json\/wp\/v2\/types\/post"}],"author":[{"embeddable":true,"href":"https:\/\/blogs.lasprovincias.es\/mariajosepou\/wp-json\/wp\/v2\/users\/6"}],"replies":[{"embeddable":true,"href":"https:\/\/blogs.lasprovincias.es\/mariajosepou\/wp-json\/wp\/v2\/comments?post=336"}],"version-history":[{"count":0,"href":"https:\/\/blogs.lasprovincias.es\/mariajosepou\/wp-json\/wp\/v2\/posts\/336\/revisions"}],"wp:attachment":[{"href":"https:\/\/blogs.lasprovincias.es\/mariajosepou\/wp-json\/wp\/v2\/media?parent=336"}],"wp:term":[{"taxonomy":"category","embeddable":true,"href":"https:\/\/blogs.lasprovincias.es\/mariajosepou\/wp-json\/wp\/v2\/categories?post=336"},{"taxonomy":"post_tag","embeddable":true,"href":"https:\/\/blogs.lasprovincias.es\/mariajosepou\/wp-json\/wp\/v2\/tags?post=336"}],"curies":[{"name":"wp","href":"https:\/\/api.w.org\/{rel}","templated":true}]}}