{"id":342,"date":"2010-07-09T04:59:32","date_gmt":"2010-07-09T04:59:32","guid":{"rendered":"http:\/\/firmas.lasprovincias.es\/mariajosepou\/?p=342"},"modified":"2010-07-09T04:59:32","modified_gmt":"2010-07-09T04:59:32","slug":"la-sepieta-montse","status":"publish","type":"post","link":"https:\/\/blogs.lasprovincias.es\/mariajosepou\/2010\/07\/09\/la-sepieta-montse\/","title":{"rendered":"La sepieta Montse"},"content":{"rendered":"<p style=\"text-align: justify\"><a href=\"\/mariajosepou\/wp-content\/uploads\/sites\/4\/2010\/07\/fotonoticia_20100707142340_225.jpg\"><img loading=\"lazy\" class=\"alignleft size-full wp-image-343\" src=\"\/mariajosepou\/wp-content\/uploads\/sites\/4\/2010\/07\/fotonoticia_20100707142340_225.jpg\" alt=\"\" width=\"180\" height=\"180\" srcset=\"https:\/\/static-blogs.lasprovincias.es\/wp-content\/uploads\/sites\/4\/2010\/07\/fotonoticia_20100707142340_225.jpg 225w, https:\/\/static-blogs.lasprovincias.es\/wp-content\/uploads\/sites\/4\/2010\/07\/fotonoticia_20100707142340_225-150x150.jpg 150w\" sizes=\"(max-width: 180px) 100vw, 180px\" \/><\/a>A Montilla le hace falta un pulpo. O una sepieta o una langosta de la Costa Brava. No importa. Lo que necesita es un bicho que se sit\u00fae sobre la quatribarrada y le garantice que Catalunya va a ganar el Estatut.<\/p>\n<p style=\"text-align: justify\">M\u00e1s que nada porque resulta una pena que hayan escogido la v\u00edspera de la final de un Mundial de f\u00fatbol (ah\u00ed es &#8220;n\u00e1&#8221;) para reivindicarse como naci\u00f3n. \u00a1Hombre, por Dios! Con la de d\u00edas que hay en el a\u00f1o. Con la de a\u00f1os que hay en la historia futbol\u00edstica de este pa\u00eds, incluso del suyo; con la de d\u00e9cadas que Espa\u00f1a est\u00e1 deseando verse en un Mundial de reinona y han de elegir la v\u00edspera para se\u00f1alarse.<\/p>\n<p style=\"text-align: justify\">Tambi\u00e9n es mala pata. Qui\u00e9n iba a pensar que este domingo \u00edbamos a tener la tarde-noche ocupada gritando &#8216;Espa\u00f1a Espa\u00f1a&#8217; hasta los ni\u00f1os de pecho. Pod\u00edan haber escogido cualquier d\u00eda, \u00a1cualquiera! -la Diada, el final de la presidencia espa\u00f1ola, el 12 de octubre, el d\u00eda de San Jordi- y en todos ellos hubieran tenido su sitio, su protagonismo medi\u00e1tico y su tir\u00f3n.<\/p>\n<p style=\"text-align: justify\">Pero ir a compartir protagonismo como Naci\u00f3n diferenciada de Espa\u00f1a, con su pizca de negaci\u00f3n hist\u00f3rica, justo cuando hasta el m\u00e1s recalcitrante tiene la tentaci\u00f3n de enfundarse una bufanda rojigualda para sentir que hace Historia, es bastante fastidiado que, traducido en la lengua patria, significa \u00abel teniu fotut, nois, molt fotut\u00bb.<\/p>\n<p style=\"text-align: justify\">No es por desanimar pero yo, en vez de tanta proclama y tanto lema manifestero para arriba y para abajo, me sacar\u00eda de la pecera una sepieta &#8216;petitona&#8217;, mona y coquetona, con barretina en todo lo alto y aficionada a hacer la ola mientras escucha a Llu\u00eds Llach.<\/p>\n<p style=\"text-align: justify\">Le pondr\u00eda dos urnas, una con la bandera de Espa\u00f1a y otra con la senyera. Y dejar\u00eda que ella sola decidiera cu\u00e1l es su naci\u00f3n.<\/p>\n<p style=\"text-align: justify\">Si funciona, solo tienen que llamarle Montse, sacarla en el informativo y decir que no falla nunca las predicciones de Catalunya: que as\u00ed lo hizo cuando se le pregunt\u00f3 si Villa deb\u00eda ir al Bar\u00e7a, si Laporta deb\u00eda ser pol\u00edtico y si Millet deb\u00eda algo a Hacienda. Ni el PP podr\u00eda oponerse.<\/p>\n<!-- AddThis Advanced Settings generic via filter on the_content --><!-- AddThis Share Buttons generic via filter on the_content -->","protected":false},"excerpt":{"rendered":"<p>A Montilla le hace falta un pulpo. O una sepieta o una langosta de la Costa Brava. No importa. Lo que necesita es un bicho que se sit\u00fae sobre la quatribarrada y le garantice que Catalunya va a ganar el Estatut. M\u00e1s que nada porque resulta una pena que hayan escogido la v\u00edspera de la [&hellip;]<!-- AddThis Advanced Settings generic via filter on get_the_excerpt --><!-- AddThis Share Buttons generic via filter on get_the_excerpt --><\/p>\n","protected":false},"author":6,"featured_media":0,"comment_status":"open","ping_status":"closed","sticky":false,"template":"","format":"standard","meta":[],"categories":[4],"tags":[83,118],"_links":{"self":[{"href":"https:\/\/blogs.lasprovincias.es\/mariajosepou\/wp-json\/wp\/v2\/posts\/342"}],"collection":[{"href":"https:\/\/blogs.lasprovincias.es\/mariajosepou\/wp-json\/wp\/v2\/posts"}],"about":[{"href":"https:\/\/blogs.lasprovincias.es\/mariajosepou\/wp-json\/wp\/v2\/types\/post"}],"author":[{"embeddable":true,"href":"https:\/\/blogs.lasprovincias.es\/mariajosepou\/wp-json\/wp\/v2\/users\/6"}],"replies":[{"embeddable":true,"href":"https:\/\/blogs.lasprovincias.es\/mariajosepou\/wp-json\/wp\/v2\/comments?post=342"}],"version-history":[{"count":0,"href":"https:\/\/blogs.lasprovincias.es\/mariajosepou\/wp-json\/wp\/v2\/posts\/342\/revisions"}],"wp:attachment":[{"href":"https:\/\/blogs.lasprovincias.es\/mariajosepou\/wp-json\/wp\/v2\/media?parent=342"}],"wp:term":[{"taxonomy":"category","embeddable":true,"href":"https:\/\/blogs.lasprovincias.es\/mariajosepou\/wp-json\/wp\/v2\/categories?post=342"},{"taxonomy":"post_tag","embeddable":true,"href":"https:\/\/blogs.lasprovincias.es\/mariajosepou\/wp-json\/wp\/v2\/tags?post=342"}],"curies":[{"name":"wp","href":"https:\/\/api.w.org\/{rel}","templated":true}]}}