{"id":349,"date":"2010-07-11T13:49:35","date_gmt":"2010-07-11T13:49:35","guid":{"rendered":"http:\/\/firmas.lasprovincias.es\/mariajosepou\/?p=349"},"modified":"2010-07-11T13:49:35","modified_gmt":"2010-07-11T13:49:35","slug":"las-vuvuzelas-como-protesta","status":"publish","type":"post","link":"https:\/\/blogs.lasprovincias.es\/mariajosepou\/2010\/07\/11\/las-vuvuzelas-como-protesta\/","title":{"rendered":"Las vuvuzelas como protesta"},"content":{"rendered":"<p style=\"text-align: justify\"><a href=\"\/mariajosepou\/wp-content\/uploads\/sites\/4\/2010\/07\/vuvuzela1.jpg\"><img loading=\"lazy\" class=\"alignleft size-medium wp-image-350\" src=\"\/mariajosepou\/wp-content\/uploads\/sites\/4\/2010\/07\/vuvuzela1.jpg\" alt=\"\" width=\"300\" height=\"217\" srcset=\"https:\/\/static-blogs.lasprovincias.es\/wp-content\/uploads\/sites\/4\/2010\/07\/vuvuzela1.jpg 1000w, https:\/\/static-blogs.lasprovincias.es\/wp-content\/uploads\/sites\/4\/2010\/07\/vuvuzela1-300x218.jpg 300w, https:\/\/static-blogs.lasprovincias.es\/wp-content\/uploads\/sites\/4\/2010\/07\/vuvuzela1-768x557.jpg 768w\" sizes=\"(max-width: 300px) 100vw, 300px\" \/><\/a>Yo lo he sentido mucho por Zapatero. Para una vez que Espa\u00f1a llega a una final del Mundial, va y se la pierde.<\/p>\n<p style=\"text-align: justify\">Me recuerda a los malos estudiantes que se han pasado el curso de fiesta y, cuando llega el verano, se pierden todas las verbenas, vaquillas y torr\u00e0 de xulles. Y encima lo hacen con cara de pena.<\/p>\n<p style=\"text-align: justify\">Lo peor no son sus caras. Duras, como el cemento armado. Lo malo es esa madre que lo mira y dice, sinceramente entristecida: &#8220;\u00a1pobre! parece que no est\u00e9 de vacaciones&#8221;. Efectivamente, se\u00f1ora, no est\u00e1 de vacaciones porque lo ha estado en los \u00faltimos 11 meses. Est\u00e1 haciendo lo que no ha hecho durante ese tiempo.<\/p>\n<p style=\"text-align: justify\">\u00c9l, por si cuela, pone los ojitos del gato con botas de Shrek, parpadea como la dragona, y suspira con angustia. Por fin, la madre se ablanda, se le llenan los ojos de l\u00e1grimas y termina diciendo: &#8220;venga, va, vete esta noche a la verbena pero ma\u00f1ana te levantar\u00e9 temprano para estudiar&#8221;. Por supuesto. Amanecer\u00e1 a las tres para sentarse a la mesa y dormir la siesta.<\/p>\n<p style=\"text-align: justify\">Con Zapatero tengo la misma impresi\u00f3n. \u00bfPor qu\u00e9 no puede ir al Mundial? \u00bfTiene que hacer los deberes o teme que las vuvuzelas le persigan de ahora en adelante?<\/p>\n<p style=\"text-align: justify\">\u00c9l dice que debe tomar decisiones importantes. Como el suspenso para septiembre: \u00bftres a\u00f1os para tomarlas y ha de ser ahora cuando lo haga? La verdad puede ser m\u00e1s bien pol\u00edtica, esto es, el debate sobre el estado de la naci\u00f3n de la semana que viene.<\/p>\n<p style=\"text-align: justify\">Sin duda, es tiempo de estar perfil\u00e1ndolo pero tampoco es una novedad extraordinaria e imprevista. Todo lo contrario. Es una cita obligada, conocida y programada. O lo que es lo mismo: que puede prepararse con anticipaci\u00f3n.<\/p>\n<p style=\"text-align: justify\">\u00bfSon acaso los pactos con catalanes y vascos lo que le impide ir al Mundial? No quiero ni imaginarlo. Yo creo que no va por miedo a que le toquen las vuvuzelas al entrar en el estadio y los espa\u00f1oles le cojamos afici\u00f3n. Como el otro d\u00eda a Rita.<\/p>\n<p style=\"text-align: justify\">De las caceroladas hemos pasado a las vuvuzelas. No s\u00e9 qu\u00e9 es peor.<\/p>\n<!-- AddThis Advanced Settings generic via filter on the_content --><!-- AddThis Share Buttons generic via filter on the_content -->","protected":false},"excerpt":{"rendered":"<p>Yo lo he sentido mucho por Zapatero. Para una vez que Espa\u00f1a llega a una final del Mundial, va y se la pierde. Me recuerda a los malos estudiantes que se han pasado el curso de fiesta y, cuando llega el verano, se pierden todas las verbenas, vaquillas y torr\u00e0 de xulles. Y encima lo [&hellip;]<!-- AddThis Advanced Settings generic via filter on get_the_excerpt --><!-- AddThis Share Buttons generic via filter on get_the_excerpt --><\/p>\n","protected":false},"author":6,"featured_media":0,"comment_status":"open","ping_status":"closed","sticky":false,"template":"","format":"standard","meta":[],"categories":[4],"tags":[65,83,187],"_links":{"self":[{"href":"https:\/\/blogs.lasprovincias.es\/mariajosepou\/wp-json\/wp\/v2\/posts\/349"}],"collection":[{"href":"https:\/\/blogs.lasprovincias.es\/mariajosepou\/wp-json\/wp\/v2\/posts"}],"about":[{"href":"https:\/\/blogs.lasprovincias.es\/mariajosepou\/wp-json\/wp\/v2\/types\/post"}],"author":[{"embeddable":true,"href":"https:\/\/blogs.lasprovincias.es\/mariajosepou\/wp-json\/wp\/v2\/users\/6"}],"replies":[{"embeddable":true,"href":"https:\/\/blogs.lasprovincias.es\/mariajosepou\/wp-json\/wp\/v2\/comments?post=349"}],"version-history":[{"count":0,"href":"https:\/\/blogs.lasprovincias.es\/mariajosepou\/wp-json\/wp\/v2\/posts\/349\/revisions"}],"wp:attachment":[{"href":"https:\/\/blogs.lasprovincias.es\/mariajosepou\/wp-json\/wp\/v2\/media?parent=349"}],"wp:term":[{"taxonomy":"category","embeddable":true,"href":"https:\/\/blogs.lasprovincias.es\/mariajosepou\/wp-json\/wp\/v2\/categories?post=349"},{"taxonomy":"post_tag","embeddable":true,"href":"https:\/\/blogs.lasprovincias.es\/mariajosepou\/wp-json\/wp\/v2\/tags?post=349"}],"curies":[{"name":"wp","href":"https:\/\/api.w.org\/{rel}","templated":true}]}}