{"id":352,"date":"2010-07-12T06:19:24","date_gmt":"2010-07-12T06:19:24","guid":{"rendered":"http:\/\/firmas.lasprovincias.es\/mariajosepou\/?p=352"},"modified":"2010-07-12T06:19:24","modified_gmt":"2010-07-12T06:19:24","slug":"la-gran-via-sacra","status":"publish","type":"post","link":"https:\/\/blogs.lasprovincias.es\/mariajosepou\/2010\/07\/12\/la-gran-via-sacra\/","title":{"rendered":"La Gran V\u00eda sacra"},"content":{"rendered":"<p style=\"text-align: justify\"><a href=\"\/mariajosepou\/wp-content\/uploads\/sites\/4\/2010\/07\/2008063021493904_640.jpg\"><img loading=\"lazy\" class=\"alignleft size-full wp-image-353\" src=\"\/mariajosepou\/wp-content\/uploads\/sites\/4\/2010\/07\/2008063021493904_640.jpg\" alt=\"\" width=\"640\" height=\"265\" srcset=\"https:\/\/static-blogs.lasprovincias.es\/wp-content\/uploads\/sites\/4\/2010\/07\/2008063021493904_640.jpg 640w, https:\/\/static-blogs.lasprovincias.es\/wp-content\/uploads\/sites\/4\/2010\/07\/2008063021493904_640-300x124.jpg 300w\" sizes=\"(max-width: 640px) 100vw, 640px\" \/><\/a>Hay en el Foro romano un camino central que parece un tramo m\u00e1s de las v\u00edas romanas con las cl\u00e1sicas placas de piedra que hemos visto tantas veces. Sin embargo, no era una v\u00eda m\u00e1s sino la principal del Imperio. Por eso se le llamaba &#8220;V\u00eda Sacra&#8221; y un\u00eda el Coliseo y el Capitolio.<\/p>\n<p style=\"text-align: justify\">Era el camino que segu\u00edan los generales victoriosos rodeados de la plebe exultante, es decir, el lugar que so\u00f1aban pisar quienes buscaban la &#8220;gloria mundi&#8221;, el aplauso de Roma.<\/p>\n<p style=\"text-align: justify\">Esta tarde, cuando veamos a los jugadores de la Selecci\u00f3n recorrer en autob\u00fas descapotable la Gran V\u00eda madrile\u00f1a aclamados por miles de personas que representan a millones de espa\u00f1oles, podremos hacernos una idea de lo que deb\u00eda de ser la antigua Roma cada vez que sus ej\u00e9rcitos conquistaban un territorio o venc\u00edan en una batalla.<\/p>\n<p style=\"text-align: justify\">No es dif\u00edcil imaginar el sentimiento de orgullo por compartir la ciudadan\u00eda romana; la satisfacci\u00f3n de pertenecer a la mayor potencia mundial o el entusiasmo de los j\u00f3venes por unirse a ellos deseando compartir la ilusi\u00f3n de ser aclamado como h\u00e9roe y casi como un dios entre la poblaci\u00f3n.<\/p>\n<p style=\"text-align: justify\">Tambi\u00e9n aqu\u00ed vivimos el recibimiento a la Selecci\u00f3n como la llegada de nuestros h\u00e9roes a quienes admiramos y agradecemos que nos hagan sentir los m\u00e1s poderosos en el mundo conocido. Ellos no nos traen m\u00e1s bot\u00edn que un puesto privilegiado entre los grandes del planeta f\u00fatbol pero resulta mucho m\u00e1s valioso para los aficionados que todo el oro y la plata del mundo.<\/p>\n<p style=\"text-align: justify\">Para quienes, adem\u00e1s, no somos aficionados, ese trofeo no dir\u00e1 gran cosa excepto una conquista anhelada y, sobre todo, la oportunidad de haber disfrutado de unas semanas de felicidad que no tienen precio en medio de la crisis y del pesimismo.<\/p>\n<p style=\"text-align: justify\">Ellos recorrer\u00e1n la Gran V\u00eda convertida en Gran V\u00eda Sacra contempor\u00e1nea. Ser\u00e1n amados y pasar\u00e1n a la Historia. Y, como aquellos, sus virtudes ser\u00e1n referencia para generaciones j\u00f3venes. Eso, quiz\u00e1s, es lo mejor de este episodio. Escuchar a Villa o a Puyol rebajar su protagonismo y apelar al esfuerzo colectivo es la mejor moraleja para el tiempo que vivimos. Una historia realmente \u00e9pica.<\/p>\n<!-- AddThis Advanced Settings generic via filter on the_content --><!-- AddThis Share Buttons generic via filter on the_content -->","protected":false},"excerpt":{"rendered":"<p>Hay en el Foro romano un camino central que parece un tramo m\u00e1s de las v\u00edas romanas con las cl\u00e1sicas placas de piedra que hemos visto tantas veces. Sin embargo, no era una v\u00eda m\u00e1s sino la principal del Imperio. Por eso se le llamaba &#8220;V\u00eda Sacra&#8221; y un\u00eda el Coliseo y el Capitolio. Era [&hellip;]<!-- AddThis Advanced Settings generic via filter on get_the_excerpt --><!-- AddThis Share Buttons generic via filter on get_the_excerpt --><\/p>\n","protected":false},"author":6,"featured_media":0,"comment_status":"open","ping_status":"closed","sticky":false,"template":"","format":"standard","meta":[],"categories":[4],"tags":[83],"_links":{"self":[{"href":"https:\/\/blogs.lasprovincias.es\/mariajosepou\/wp-json\/wp\/v2\/posts\/352"}],"collection":[{"href":"https:\/\/blogs.lasprovincias.es\/mariajosepou\/wp-json\/wp\/v2\/posts"}],"about":[{"href":"https:\/\/blogs.lasprovincias.es\/mariajosepou\/wp-json\/wp\/v2\/types\/post"}],"author":[{"embeddable":true,"href":"https:\/\/blogs.lasprovincias.es\/mariajosepou\/wp-json\/wp\/v2\/users\/6"}],"replies":[{"embeddable":true,"href":"https:\/\/blogs.lasprovincias.es\/mariajosepou\/wp-json\/wp\/v2\/comments?post=352"}],"version-history":[{"count":0,"href":"https:\/\/blogs.lasprovincias.es\/mariajosepou\/wp-json\/wp\/v2\/posts\/352\/revisions"}],"wp:attachment":[{"href":"https:\/\/blogs.lasprovincias.es\/mariajosepou\/wp-json\/wp\/v2\/media?parent=352"}],"wp:term":[{"taxonomy":"category","embeddable":true,"href":"https:\/\/blogs.lasprovincias.es\/mariajosepou\/wp-json\/wp\/v2\/categories?post=352"},{"taxonomy":"post_tag","embeddable":true,"href":"https:\/\/blogs.lasprovincias.es\/mariajosepou\/wp-json\/wp\/v2\/tags?post=352"}],"curies":[{"name":"wp","href":"https:\/\/api.w.org\/{rel}","templated":true}]}}