{"id":356,"date":"2010-07-13T07:23:10","date_gmt":"2010-07-13T07:23:10","guid":{"rendered":"http:\/\/firmas.lasprovincias.es\/mariajosepou\/?p=356"},"modified":"2010-07-13T07:23:10","modified_gmt":"2010-07-13T07:23:10","slug":"pereza-de-volver","status":"publish","type":"post","link":"https:\/\/blogs.lasprovincias.es\/mariajosepou\/2010\/07\/13\/pereza-de-volver\/","title":{"rendered":"Pereza de volver"},"content":{"rendered":"<p style=\"text-align: justify\"><a href=\"\/mariajosepou\/wp-content\/uploads\/sites\/4\/2010\/07\/campeones.jpg\"><img loading=\"lazy\" class=\"alignleft size-full wp-image-357\" src=\"\/mariajosepou\/wp-content\/uploads\/sites\/4\/2010\/07\/campeones.jpg\" alt=\"\" width=\"350\" height=\"213\" \/><\/a>El triunfo de Espa\u00f1a en el Mundial nos ha adelantado una sensaci\u00f3n terriblemente placentera de agosto. No me refiero a las vacaciones propias sino a las ajenas. Es decir, a la tranquilidad de esp\u00edritu que da poder posponerlo todo para &#8216;despu\u00e9s&#8217;.<\/p>\n<p style=\"text-align: justify\">Con eso de que en agosto la mitad de los negocios ha cerrado por vacaciones y la otra mitad, no dispone de personal para pedidos, entregas o facturaciones, se hace muy dif\u00edcil seguir con la rutina y, si lo intentamos, acabamos por convencernos de que en un d\u00eda de septiembre avanzaremos m\u00e1s que en una semana de agosto.<\/p>\n<p style=\"text-align: justify\">De ese modo terminamos por rendirnos y, por fin, nos acostumbramos a pasar indolentemente el mes de asueto. Incluso quien trabaja lo hace en muchas ocasiones a medio gas por imperativo social. Y, adem\u00e1s, descubre que es mejor trabajar en agosto y cogerse las vacaciones luego que al rev\u00e9s. En comparaci\u00f3n, quien vuelve el 1 de septiembre lo tiene peor porque tiene que solventar el retraso que ha producido ese &#8216;par\u00f3n&#8217; natural de agosto. Sin embargo, es un tiempo irreal maravilloso donde toda responsabilidad queda emplazada a &#8216;la vuelta&#8217;. No se elimina pero se anota en &#8216;tareas pendientes&#8217; y se deja reposar. Es como un domingo por la ma\u00f1ana prolongado. Ese momento en el que nada parece correr prisa. Siempre puede dejarse para el lunes a primera hora.<\/p>\n<p style=\"text-align: justify\">Con el Mundial, sobre todo en la \u00faltima semana, todo ha quedado en standby: la crisis, el Estatut, la huelga de metro en Madrid, la investigaci\u00f3n en Orihuela o la remodelaci\u00f3n de gobierno. Durante unos d\u00edas ni hemos sabido ni hemos querido saber de eso. De hecho, una servidora, nada sospechosa de locura futbolera, ha terminado por no hablar de otra cosa.<\/p>\n<p style=\"text-align: justify\">No s\u00e9 si ser\u00e1 la crisis, los 40 o la hiperexposici\u00f3n al f\u00fatbol pero he tenido una revelaci\u00f3n. He comprendido por fin a los aficionados que semana tras semana desean que llegue el domingo. Por un momento, el mundo se detiene, la raz\u00f3n se suspende y solo queda la emoci\u00f3n de ver marcar a tu equipo. \u00a1Se\u00f1or, esta crisis va a hacer de m\u00ed toda una &#8216;hooligan&#8217;!<\/p>\n<!-- AddThis Advanced Settings generic via filter on the_content --><!-- AddThis Share Buttons generic via filter on the_content -->","protected":false},"excerpt":{"rendered":"<p>El triunfo de Espa\u00f1a en el Mundial nos ha adelantado una sensaci\u00f3n terriblemente placentera de agosto. No me refiero a las vacaciones propias sino a las ajenas. Es decir, a la tranquilidad de esp\u00edritu que da poder posponerlo todo para &#8216;despu\u00e9s&#8217;. Con eso de que en agosto la mitad de los negocios ha cerrado por [&hellip;]<!-- AddThis Advanced Settings generic via filter on get_the_excerpt --><!-- AddThis Share Buttons generic via filter on get_the_excerpt --><\/p>\n","protected":false},"author":6,"featured_media":0,"comment_status":"open","ping_status":"closed","sticky":false,"template":"","format":"standard","meta":[],"categories":[4],"tags":[65,83],"_links":{"self":[{"href":"https:\/\/blogs.lasprovincias.es\/mariajosepou\/wp-json\/wp\/v2\/posts\/356"}],"collection":[{"href":"https:\/\/blogs.lasprovincias.es\/mariajosepou\/wp-json\/wp\/v2\/posts"}],"about":[{"href":"https:\/\/blogs.lasprovincias.es\/mariajosepou\/wp-json\/wp\/v2\/types\/post"}],"author":[{"embeddable":true,"href":"https:\/\/blogs.lasprovincias.es\/mariajosepou\/wp-json\/wp\/v2\/users\/6"}],"replies":[{"embeddable":true,"href":"https:\/\/blogs.lasprovincias.es\/mariajosepou\/wp-json\/wp\/v2\/comments?post=356"}],"version-history":[{"count":0,"href":"https:\/\/blogs.lasprovincias.es\/mariajosepou\/wp-json\/wp\/v2\/posts\/356\/revisions"}],"wp:attachment":[{"href":"https:\/\/blogs.lasprovincias.es\/mariajosepou\/wp-json\/wp\/v2\/media?parent=356"}],"wp:term":[{"taxonomy":"category","embeddable":true,"href":"https:\/\/blogs.lasprovincias.es\/mariajosepou\/wp-json\/wp\/v2\/categories?post=356"},{"taxonomy":"post_tag","embeddable":true,"href":"https:\/\/blogs.lasprovincias.es\/mariajosepou\/wp-json\/wp\/v2\/tags?post=356"}],"curies":[{"name":"wp","href":"https:\/\/api.w.org\/{rel}","templated":true}]}}