{"id":359,"date":"2010-07-14T07:27:34","date_gmt":"2010-07-14T07:27:34","guid":{"rendered":"http:\/\/firmas.lasprovincias.es\/mariajosepou\/?p=359"},"modified":"2010-07-14T07:27:34","modified_gmt":"2010-07-14T07:27:34","slug":"el-estado-de-espana","status":"publish","type":"post","link":"https:\/\/blogs.lasprovincias.es\/mariajosepou\/2010\/07\/14\/el-estado-de-espana\/","title":{"rendered":"El estado de Espa\u00f1a"},"content":{"rendered":"<p style=\"text-align: justify\"><a href=\"\/mariajosepou\/wp-content\/uploads\/sites\/4\/2010\/07\/c617x266_040MAD13FOT3.jpg\"><img loading=\"lazy\" class=\"alignleft size-full wp-image-360\" src=\"\/mariajosepou\/wp-content\/uploads\/sites\/4\/2010\/07\/c617x266_040MAD13FOT3.jpg\" alt=\"\" width=\"432\" height=\"186\" srcset=\"https:\/\/static-blogs.lasprovincias.es\/wp-content\/uploads\/sites\/4\/2010\/07\/c617x266_040MAD13FOT3.jpg 617w, https:\/\/static-blogs.lasprovincias.es\/wp-content\/uploads\/sites\/4\/2010\/07\/c617x266_040MAD13FOT3-300x129.jpg 300w\" sizes=\"(max-width: 432px) 100vw, 432px\" \/><\/a>No s\u00e9 c\u00f3mo est\u00e1 pero s\u00e9 que es. Con sus m\u00e1s y sus menos, Espa\u00f1a es. Por eso resulta interesante la coincidencia de fechas: a los tres d\u00edas de haberse reconstruido como naci\u00f3n gracias al \u00e9xito deportivo, Espa\u00f1a se enfrenta al debate parlamentario que procura analizar su estado, y que comienza hoy en el Congreso.<\/p>\n<p style=\"text-align: justify\">Si preguntan a los ciudadanos c\u00f3mo est\u00e1 Espa\u00f1a, justo ahora, dudo que las respuestas sean negativas. Est\u00e1 euf\u00f3rica, motivada, feliz. Se ha mirado al espejo y se ha visto con ojos nuevos. Se ve guapa pero sobre todo se ve capaz. Porque su capacidad no est\u00e1 en su clase pol\u00edtica sino en las generaciones de j\u00f3venes que no se sienten lastrados por el pasado. Y \u00e9sa es una clave imprescindible para salir adelante.<\/p>\n<p style=\"text-align: justify\">Los chicos de la Roja no ven los a\u00f1os de frustraci\u00f3n sin pasar de cuartos en el Mundial como una r\u00e9mora sino como un acicate. Es la diferencia con los &#8216;viejos&#8217; que solo saben llorar su desgracia. Al contrario, ellos la vieron como un reto que conquistar. Y lo han hecho.<\/p>\n<p style=\"text-align: justify\">Del mismo modo, este pa\u00eds necesita que las nuevas generaciones dejen de mirar al pasado con pesimismo y construyan su futuro sin lastres, con ilusi\u00f3n y sin el aliento de sus &#8216;mayores&#8217; en la nuca para volver atr\u00e1s.<\/p>\n<p style=\"text-align: justify\">Como la Selecci\u00f3n, que no ha querido reescribir Mundiales anteriores sino jugar el suyo, as\u00ed los j\u00f3venes deben construir Espa\u00f1a a su estilo sin que las a\u00f1oranzas de unos y otros les impongan una manera rancia de hacerlo. \u00bfPor qu\u00e9 no va a sonar el himno nacional, como en la Explanada del Pr\u00edncipe en Madrid, a ritmo de batucada? \u00bfPor qu\u00e9 no va a construirse una identidad colectiva a partir del sudor en el campo y no de la sangre en la trinchera?<\/p>\n<p style=\"text-align: justify\">Si esos son los mimbres de la nueva forma de vivir Espa\u00f1a, si eso es lo que nos hace sentir una comunidad de intereses y referencias comunes, \u00bfpor qu\u00e9 no va a servir? \u00bfO acaso las patrias solo se construyen contra el otro, aunque sea hermano? Si cambiamos Pizarro por Andr\u00e9s Iniesta \u00bfqu\u00e9? \u00bfNo es nuestro h\u00e9roe?<\/p>\n<!-- AddThis Advanced Settings generic via filter on the_content --><!-- AddThis Share Buttons generic via filter on the_content -->","protected":false},"excerpt":{"rendered":"<p>No s\u00e9 c\u00f3mo est\u00e1 pero s\u00e9 que es. Con sus m\u00e1s y sus menos, Espa\u00f1a es. Por eso resulta interesante la coincidencia de fechas: a los tres d\u00edas de haberse reconstruido como naci\u00f3n gracias al \u00e9xito deportivo, Espa\u00f1a se enfrenta al debate parlamentario que procura analizar su estado, y que comienza hoy en el Congreso. [&hellip;]<!-- AddThis Advanced Settings generic via filter on get_the_excerpt --><!-- AddThis Share Buttons generic via filter on get_the_excerpt --><\/p>\n","protected":false},"author":6,"featured_media":0,"comment_status":"open","ping_status":"closed","sticky":false,"template":"","format":"standard","meta":[],"categories":[4],"tags":[83,126,136],"_links":{"self":[{"href":"https:\/\/blogs.lasprovincias.es\/mariajosepou\/wp-json\/wp\/v2\/posts\/359"}],"collection":[{"href":"https:\/\/blogs.lasprovincias.es\/mariajosepou\/wp-json\/wp\/v2\/posts"}],"about":[{"href":"https:\/\/blogs.lasprovincias.es\/mariajosepou\/wp-json\/wp\/v2\/types\/post"}],"author":[{"embeddable":true,"href":"https:\/\/blogs.lasprovincias.es\/mariajosepou\/wp-json\/wp\/v2\/users\/6"}],"replies":[{"embeddable":true,"href":"https:\/\/blogs.lasprovincias.es\/mariajosepou\/wp-json\/wp\/v2\/comments?post=359"}],"version-history":[{"count":0,"href":"https:\/\/blogs.lasprovincias.es\/mariajosepou\/wp-json\/wp\/v2\/posts\/359\/revisions"}],"wp:attachment":[{"href":"https:\/\/blogs.lasprovincias.es\/mariajosepou\/wp-json\/wp\/v2\/media?parent=359"}],"wp:term":[{"taxonomy":"category","embeddable":true,"href":"https:\/\/blogs.lasprovincias.es\/mariajosepou\/wp-json\/wp\/v2\/categories?post=359"},{"taxonomy":"post_tag","embeddable":true,"href":"https:\/\/blogs.lasprovincias.es\/mariajosepou\/wp-json\/wp\/v2\/tags?post=359"}],"curies":[{"name":"wp","href":"https:\/\/api.w.org\/{rel}","templated":true}]}}