{"id":362,"date":"2010-07-15T06:47:09","date_gmt":"2010-07-15T06:47:09","guid":{"rendered":"http:\/\/firmas.lasprovincias.es\/mariajosepou\/?p=362"},"modified":"2010-07-15T06:47:09","modified_gmt":"2010-07-15T06:47:09","slug":"voto-a-paul","status":"publish","type":"post","link":"https:\/\/blogs.lasprovincias.es\/mariajosepou\/2010\/07\/15\/voto-a-paul\/","title":{"rendered":"Voto a Paul"},"content":{"rendered":"<p style=\"text-align: justify\"><a href=\"\/mariajosepou\/wp-content\/uploads\/sites\/4\/2010\/07\/debate-estado-nacion-121.jpg\"><img loading=\"lazy\" class=\"alignleft size-full wp-image-363\" src=\"\/mariajosepou\/wp-content\/uploads\/sites\/4\/2010\/07\/debate-estado-nacion-121.jpg\" alt=\"\" width=\"530\" height=\"370\" \/><\/a>Me alegra no tener que ir a votar ma\u00f1ana. Y que no me pregunten los del CIS porque les dir\u00e9 que voto a Paul. Al menos \u00e9l trabaja, promete y cumple. Y encima se jubila a una edad tard\u00eda porque dicen que los pulpos viven tres a\u00f1os y \u00e9l ya lleva dos y medio en activo. No s\u00e9 c\u00f3mo a estas alturas no se le ha ido la cabeza y ha dicho que la final del Mundial la ganaba Gasol. Es lo m\u00ednimo que se le puede pedir a un cefal\u00f3podo z\u00edngaro en edad de chochear y sometido al estr\u00e9s de la fama.<\/p>\n<p style=\"text-align: justify\">No es que yo suela votar a los pulpos. No al menos a los que no han demostrado disposici\u00f3n para ser aderezados con patata y piment\u00f3n. Pero despu\u00e9s de ver el debate del estado de la desaz\u00f3n, digo, de la naci\u00f3n, no me quedan ganas m\u00e1s que de irme, como hice ayer, a tomar una horchata a la fresca.<\/p>\n<p style=\"text-align: justify\">No lo digo por Zapatero y Rajoy, dos l\u00edderes de la oposici\u00f3n enfrentados con pilas duracell, que duran y duran para repetir lo dicho una y otra vez. La oposici\u00f3n popular renegando del gobierno Zapatero y la socialista, del gobierno Aznar. De \u00e9stos ya no espero mucho.<\/p>\n<p style=\"text-align: justify\">Lo que me avergonz\u00f3 no fueron los l\u00edderes sino sus corifeos respectivos. \u00a1Vaya pandilla! Si se llamaran &#8216;Van Mart\u00ednez&#8217; y vistieran de naranja, dir\u00eda que eran holandeses. Por las patadas y el estilo bronco, quiero decir.<\/p>\n<p style=\"text-align: justify\">Verlos a todos sentados en el hemiciclo, con aire acondicionado, m\u00f3vil y ordenador pagado por nosotros -y algunos con hotel a coste cero- mientras se limitaban a aplaudir o a abuchear a sus respectivos, me produjo una subida de \u00e1cidos con la que podr\u00eda coronar el Tourmalet. Mientras, los espa\u00f1olitos de a pie sacamos adelante este pa\u00eds por la d\u00e9cima parte de su sueldo, el doble de calor, el triple de inseguridad laboral y mucha menos juerga.<\/p>\n<p style=\"text-align: justify\">Despu\u00e9s de lo de ayer, que no me pregunte el CIS porque le dir\u00e9 que ya tengo decidido mi voto. S\u00ed. A ninguno de todos esos caraduras sentados en Madrid. Yo voto a Paul.<\/p>\n<!-- AddThis Advanced Settings generic via filter on the_content --><!-- AddThis Share Buttons generic via filter on the_content -->","protected":false},"excerpt":{"rendered":"<p>Me alegra no tener que ir a votar ma\u00f1ana. Y que no me pregunten los del CIS porque les dir\u00e9 que voto a Paul. Al menos \u00e9l trabaja, promete y cumple. Y encima se jubila a una edad tard\u00eda porque dicen que los pulpos viven tres a\u00f1os y \u00e9l ya lleva dos y medio en [&hellip;]<!-- AddThis Advanced Settings generic via filter on get_the_excerpt --><!-- AddThis Share Buttons generic via filter on get_the_excerpt --><\/p>\n","protected":false},"author":6,"featured_media":0,"comment_status":"open","ping_status":"closed","sticky":false,"template":"","format":"standard","meta":[],"categories":[4],"tags":[58,136],"_links":{"self":[{"href":"https:\/\/blogs.lasprovincias.es\/mariajosepou\/wp-json\/wp\/v2\/posts\/362"}],"collection":[{"href":"https:\/\/blogs.lasprovincias.es\/mariajosepou\/wp-json\/wp\/v2\/posts"}],"about":[{"href":"https:\/\/blogs.lasprovincias.es\/mariajosepou\/wp-json\/wp\/v2\/types\/post"}],"author":[{"embeddable":true,"href":"https:\/\/blogs.lasprovincias.es\/mariajosepou\/wp-json\/wp\/v2\/users\/6"}],"replies":[{"embeddable":true,"href":"https:\/\/blogs.lasprovincias.es\/mariajosepou\/wp-json\/wp\/v2\/comments?post=362"}],"version-history":[{"count":0,"href":"https:\/\/blogs.lasprovincias.es\/mariajosepou\/wp-json\/wp\/v2\/posts\/362\/revisions"}],"wp:attachment":[{"href":"https:\/\/blogs.lasprovincias.es\/mariajosepou\/wp-json\/wp\/v2\/media?parent=362"}],"wp:term":[{"taxonomy":"category","embeddable":true,"href":"https:\/\/blogs.lasprovincias.es\/mariajosepou\/wp-json\/wp\/v2\/categories?post=362"},{"taxonomy":"post_tag","embeddable":true,"href":"https:\/\/blogs.lasprovincias.es\/mariajosepou\/wp-json\/wp\/v2\/tags?post=362"}],"curies":[{"name":"wp","href":"https:\/\/api.w.org\/{rel}","templated":true}]}}