{"id":365,"date":"2010-07-16T06:07:25","date_gmt":"2010-07-16T06:07:25","guid":{"rendered":"http:\/\/firmas.lasprovincias.es\/mariajosepou\/?p=365"},"modified":"2010-07-16T06:07:25","modified_gmt":"2010-07-16T06:07:25","slug":"el-exilio-como-propuesta","status":"publish","type":"post","link":"https:\/\/blogs.lasprovincias.es\/mariajosepou\/2010\/07\/16\/el-exilio-como-propuesta\/","title":{"rendered":"El exilio como propuesta"},"content":{"rendered":"<p style=\"text-align: justify\"><a href=\"\/mariajosepou\/wp-content\/uploads\/sites\/4\/2010\/07\/normando.jpg\"><img loading=\"lazy\" class=\"alignleft size-medium wp-image-366\" src=\"\/mariajosepou\/wp-content\/uploads\/sites\/4\/2010\/07\/normando.jpg\" alt=\"\" width=\"300\" height=\"76\" \/><\/a>Siete de los nueve presos cubanos liberados en Espa\u00f1a son periodistas. Supongo que \u00e9sa es la profesi\u00f3n de un preso com\u00fan, como dir\u00eda Willy Toledo. No estoy diciendo que entre los periodistas no pueda haber ladrones, maltratadores o estafadores pero resulta muy curiosa la coincidencia. Que Cuba deje salir a nueve presos, casi todos periodistas, da que pensar.<\/p>\n<p style=\"text-align: justify\">Si son delincuentes comunes, como dijo Toledo del malogrado Orlando Zapata, no se entiende que el gobierno les d\u00e9 la libertad. \u00bfPor qu\u00e9 a ellos s\u00ed y a todos los dem\u00e1s no? Si est\u00e1n presos por incumplir la ley, no deber\u00edan salir. Y si se permite su salida porque se cuestiona la norma que les llev\u00f3 a la c\u00e1rcel, lo que ha de hacerse es cambiarla.<\/p>\n<p style=\"text-align: justify\">Lo que me llama la atenci\u00f3n es el relativo poco inter\u00e9s que ha suscitado su llegada a Espa\u00f1a. Me refiero al silencio ante lo grave de la situaci\u00f3n. Es cierto que prefiero su libertad aunque sea en Espa\u00f1a que su prisi\u00f3n en condiciones infrahumanas pero no me explico que se admita el exilio como propuesta de vida para ellos. Que un pa\u00eds como el nuestro, doliente a\u00fan del exilio al que se vio obligado un buen gran grupo de espa\u00f1oles durante y tras la Guerra Civil, acepte como si tal cosa que los cubanos disidentes tengan que vivir fuera de su tierra me resulta, como m\u00ednimo, sorprendente.<\/p>\n<p style=\"text-align: justify\">Y aqu\u00ed no parece que hayamos movido ni una ceja al escucharles quejarse de eso. Entiendo que la libertad es lo mejor para Fari\u00f1as y sus compa\u00f1eros y ojala Zapata la hubiera logrado pero resulta escandaloso que un gobierno democr\u00e1tico como el nuestro colabore en el exilio de quienes no comparten las ideas de los Castro.<\/p>\n<p style=\"text-align: justify\">Europa deber\u00eda alzar la voz. Sin duda lo primero es salvar la vida y la dignidad de quienes sufren por sus ideas pero lo segundo, no lo tercero, es denunciar al r\u00e9gimen que est\u00e1 imponiendo esa ignominia. El exilio cubano, aunque para los amigos de Willy Toledo sea una deserci\u00f3n de extremistas, es una verg\u00fcenza mundial. Y Espa\u00f1a, que tan amargamente se queja de su historia, no dice nada.<\/p>\n<!-- AddThis Advanced Settings generic via filter on the_content --><!-- AddThis Share Buttons generic via filter on the_content -->","protected":false},"excerpt":{"rendered":"<p>Siete de los nueve presos cubanos liberados en Espa\u00f1a son periodistas. Supongo que \u00e9sa es la profesi\u00f3n de un preso com\u00fan, como dir\u00eda Willy Toledo. No estoy diciendo que entre los periodistas no pueda haber ladrones, maltratadores o estafadores pero resulta muy curiosa la coincidencia. Que Cuba deje salir a nueve presos, casi todos periodistas, [&hellip;]<!-- AddThis Advanced Settings generic via filter on get_the_excerpt --><!-- AddThis Share Buttons generic via filter on get_the_excerpt --><\/p>\n","protected":false},"author":6,"featured_media":0,"comment_status":"open","ping_status":"closed","sticky":false,"template":"","format":"standard","meta":[],"categories":[4],"tags":[55,129],"_links":{"self":[{"href":"https:\/\/blogs.lasprovincias.es\/mariajosepou\/wp-json\/wp\/v2\/posts\/365"}],"collection":[{"href":"https:\/\/blogs.lasprovincias.es\/mariajosepou\/wp-json\/wp\/v2\/posts"}],"about":[{"href":"https:\/\/blogs.lasprovincias.es\/mariajosepou\/wp-json\/wp\/v2\/types\/post"}],"author":[{"embeddable":true,"href":"https:\/\/blogs.lasprovincias.es\/mariajosepou\/wp-json\/wp\/v2\/users\/6"}],"replies":[{"embeddable":true,"href":"https:\/\/blogs.lasprovincias.es\/mariajosepou\/wp-json\/wp\/v2\/comments?post=365"}],"version-history":[{"count":0,"href":"https:\/\/blogs.lasprovincias.es\/mariajosepou\/wp-json\/wp\/v2\/posts\/365\/revisions"}],"wp:attachment":[{"href":"https:\/\/blogs.lasprovincias.es\/mariajosepou\/wp-json\/wp\/v2\/media?parent=365"}],"wp:term":[{"taxonomy":"category","embeddable":true,"href":"https:\/\/blogs.lasprovincias.es\/mariajosepou\/wp-json\/wp\/v2\/categories?post=365"},{"taxonomy":"post_tag","embeddable":true,"href":"https:\/\/blogs.lasprovincias.es\/mariajosepou\/wp-json\/wp\/v2\/tags?post=365"}],"curies":[{"name":"wp","href":"https:\/\/api.w.org\/{rel}","templated":true}]}}