{"id":368,"date":"2010-07-17T07:36:12","date_gmt":"2010-07-17T07:36:12","guid":{"rendered":"http:\/\/firmas.lasprovincias.es\/mariajosepou\/?p=368"},"modified":"2010-07-17T07:36:12","modified_gmt":"2010-07-17T07:36:12","slug":"trafico-de-phoskitos","status":"publish","type":"post","link":"https:\/\/blogs.lasprovincias.es\/mariajosepou\/2010\/07\/17\/trafico-de-phoskitos\/","title":{"rendered":"Tr\u00e1fico de &#8220;Phoskitos&#8221;"},"content":{"rendered":"<p style=\"text-align: justify\"><a href=\"\/mariajosepou\/wp-content\/uploads\/sites\/4\/2010\/07\/thump_2482275phoskitos.jpg\"><img loading=\"lazy\" class=\"alignleft size-full wp-image-369\" src=\"\/mariajosepou\/wp-content\/uploads\/sites\/4\/2010\/07\/thump_2482275phoskitos.jpg\" alt=\"\" width=\"247\" height=\"200\" \/><\/a>Recuerdo mi infancia como una lucha constante por merendar &#8216;phoskitos&#8217; y el empe\u00f1o de mi madre en darme pan con chocolate o pan con jam\u00f3n. El caso era no comprarme ni donuts, ni &#8216;panteras rosas&#8217; ni &#8216;phoskitos&#8217;, que eran mis preferidos, y darme cualquier cosa con pan.<\/p>\n<p style=\"text-align: justify\">Mi madre no sab\u00eda nada de grasas saturadas pero s\u00ed que ella respond\u00eda por todo lo que llevaba el bocadillo hecho en casa, en cambio no pod\u00eda decir lo mismo sobre los productos envasados y llenos de conservantes, aromatizantes o antiaglomerantes que vend\u00edan por ah\u00ed.<\/p>\n<p style=\"text-align: justify\">Ahora resulta que tiene raz\u00f3n y el gobierno quiere prohibir la venta de esos productos en las m\u00e1quinas de los colegios. O sea, que al paso que vamos tendremos que comprar &#8216;phoskitos&#8217; de contrabando en esta nueva &#8216;ley Light&#8217; cual &#8216;ley seca&#8217; contra el alcohol en Estados Unidos.<\/p>\n<p style=\"text-align: justify\">Me parece estar asistiendo a la instalaci\u00f3n de mi madre -y todas las madres de su generaci\u00f3n- en el ministerio de Sanidad. Que no fumes, que comas fruta, que no corras, que no comas porquer\u00edas, que te acuestes pronto, que no bebas. Propongo que el pr\u00f3ximo v\u00eddeo electoral no lo protagonice Zapatero y que hagan como las campa\u00f1as de algunas grandes marcas: que escojan a gente real. As\u00ed, nada mejor que grabar a una madre en ese &#8216;momento-DGT&#8217; que todas tienen cuando el chaval sale de casa para ir al instituto.<\/p>\n<p style=\"text-align: justify\">Lo que viene a demostrar esta tendencia no solo es que el gobierno se erige en autoridad materna o paterna sino que lo hace por la ausencia de \u00e9sta en temas tan importantes como la educaci\u00f3n alimentaria. Una servidora no necesita que el ministerio alerte sobre el abuso de la boller\u00eda industrial. Me lo ense\u00f1aron en casa hace mucho.<\/p>\n<p style=\"text-align: justify\">El problema es que estas generaciones, quiz\u00e1s, no han tenido quien les ense\u00f1e a comer cosas sanas, propias de la tierra y de la temporada pero s\u00ed, demasiado producto apetecible donde elegir. En mi casa si no hab\u00eda jam\u00f3n, pon\u00edan aceite y sal. Y si para desayunar no hab\u00eda galletas, en lugar de cereales, llen\u00e1bamos el vaso de leche con migas de pan. Ahora me alegro.<\/p>\n<!-- AddThis Advanced Settings generic via filter on the_content --><!-- AddThis Share Buttons generic via filter on the_content -->","protected":false},"excerpt":{"rendered":"<p>Recuerdo mi infancia como una lucha constante por merendar &#8216;phoskitos&#8217; y el empe\u00f1o de mi madre en darme pan con chocolate o pan con jam\u00f3n. El caso era no comprarme ni donuts, ni &#8216;panteras rosas&#8217; ni &#8216;phoskitos&#8217;, que eran mis preferidos, y darme cualquier cosa con pan. Mi madre no sab\u00eda nada de grasas saturadas [&hellip;]<!-- AddThis Advanced Settings generic via filter on get_the_excerpt --><!-- AddThis Share Buttons generic via filter on get_the_excerpt --><\/p>\n","protected":false},"author":6,"featured_media":0,"comment_status":"open","ping_status":"closed","sticky":false,"template":"","format":"standard","meta":[],"categories":[4],"tags":[19,66,156],"_links":{"self":[{"href":"https:\/\/blogs.lasprovincias.es\/mariajosepou\/wp-json\/wp\/v2\/posts\/368"}],"collection":[{"href":"https:\/\/blogs.lasprovincias.es\/mariajosepou\/wp-json\/wp\/v2\/posts"}],"about":[{"href":"https:\/\/blogs.lasprovincias.es\/mariajosepou\/wp-json\/wp\/v2\/types\/post"}],"author":[{"embeddable":true,"href":"https:\/\/blogs.lasprovincias.es\/mariajosepou\/wp-json\/wp\/v2\/users\/6"}],"replies":[{"embeddable":true,"href":"https:\/\/blogs.lasprovincias.es\/mariajosepou\/wp-json\/wp\/v2\/comments?post=368"}],"version-history":[{"count":0,"href":"https:\/\/blogs.lasprovincias.es\/mariajosepou\/wp-json\/wp\/v2\/posts\/368\/revisions"}],"wp:attachment":[{"href":"https:\/\/blogs.lasprovincias.es\/mariajosepou\/wp-json\/wp\/v2\/media?parent=368"}],"wp:term":[{"taxonomy":"category","embeddable":true,"href":"https:\/\/blogs.lasprovincias.es\/mariajosepou\/wp-json\/wp\/v2\/categories?post=368"},{"taxonomy":"post_tag","embeddable":true,"href":"https:\/\/blogs.lasprovincias.es\/mariajosepou\/wp-json\/wp\/v2\/tags?post=368"}],"curies":[{"name":"wp","href":"https:\/\/api.w.org\/{rel}","templated":true}]}}