{"id":37,"date":"2010-04-23T15:08:04","date_gmt":"2010-04-23T15:08:04","guid":{"rendered":"http:\/\/firmas.lasprovincias.es\/mariajosepou\/?p=37"},"modified":"2010-04-23T15:08:04","modified_gmt":"2010-04-23T15:08:04","slug":"vanidad-sin-tirantes","status":"publish","type":"post","link":"https:\/\/blogs.lasprovincias.es\/mariajosepou\/2010\/04\/23\/vanidad-sin-tirantes\/","title":{"rendered":"Vanidad sin tirantes"},"content":{"rendered":"<p style=\"text-align: justify\">Me ha encantado la reacci\u00f3n de <a href=\"http:\/\/www.lasprovincias.es\/multimedia\/fotos\/ultimos\/55179-pacheco-cervantes-tirantes-1.html\" target=\"_blank\" rel=\"external nofollow\">Jos\u00e9 Emilio Pacheco<\/a>: frente a tanto pavo real sin cola de la que presumir y tanto pulsa-teclados sin pizca de aportaci\u00f3n a la literatura, el Premio Cervantes interpreta su p\u00e9rdida de pantalones como el contrapeso a la vanidad.<\/p>\n<!-- AddThis Advanced Settings generic via filter on the_content --><!-- AddThis Share Buttons generic via filter on the_content -->","protected":false},"excerpt":{"rendered":"<p>Me ha encantado la reacci\u00f3n de Jos\u00e9 Emilio Pacheco: frente a tanto pavo real sin cola de la que presumir y tanto pulsa-teclados sin pizca de aportaci\u00f3n a la literatura, el Premio Cervantes interpreta su p\u00e9rdida de pantalones como el contrapeso a la vanidad.<!-- AddThis Advanced Settings generic via filter on get_the_excerpt --><!-- AddThis Share Buttons generic via filter on get_the_excerpt --><\/p>\n","protected":false},"author":6,"featured_media":0,"comment_status":"open","ping_status":"closed","sticky":false,"template":"","format":"standard","meta":[],"categories":[3],"tags":[106,179],"_links":{"self":[{"href":"https:\/\/blogs.lasprovincias.es\/mariajosepou\/wp-json\/wp\/v2\/posts\/37"}],"collection":[{"href":"https:\/\/blogs.lasprovincias.es\/mariajosepou\/wp-json\/wp\/v2\/posts"}],"about":[{"href":"https:\/\/blogs.lasprovincias.es\/mariajosepou\/wp-json\/wp\/v2\/types\/post"}],"author":[{"embeddable":true,"href":"https:\/\/blogs.lasprovincias.es\/mariajosepou\/wp-json\/wp\/v2\/users\/6"}],"replies":[{"embeddable":true,"href":"https:\/\/blogs.lasprovincias.es\/mariajosepou\/wp-json\/wp\/v2\/comments?post=37"}],"version-history":[{"count":0,"href":"https:\/\/blogs.lasprovincias.es\/mariajosepou\/wp-json\/wp\/v2\/posts\/37\/revisions"}],"wp:attachment":[{"href":"https:\/\/blogs.lasprovincias.es\/mariajosepou\/wp-json\/wp\/v2\/media?parent=37"}],"wp:term":[{"taxonomy":"category","embeddable":true,"href":"https:\/\/blogs.lasprovincias.es\/mariajosepou\/wp-json\/wp\/v2\/categories?post=37"},{"taxonomy":"post_tag","embeddable":true,"href":"https:\/\/blogs.lasprovincias.es\/mariajosepou\/wp-json\/wp\/v2\/tags?post=37"}],"curies":[{"name":"wp","href":"https:\/\/api.w.org\/{rel}","templated":true}]}}