{"id":371,"date":"2010-07-18T06:32:05","date_gmt":"2010-07-18T06:32:05","guid":{"rendered":"http:\/\/firmas.lasprovincias.es\/mariajosepou\/?p=371"},"modified":"2010-07-18T06:32:05","modified_gmt":"2010-07-18T06:32:05","slug":"felicidades-mandela","status":"publish","type":"post","link":"https:\/\/blogs.lasprovincias.es\/mariajosepou\/2010\/07\/18\/felicidades-mandela\/","title":{"rendered":"Felicidades, Mandela"},"content":{"rendered":"<p style=\"text-align: justify\"><a href=\"\/mariajosepou\/wp-content\/uploads\/sites\/4\/2010\/07\/nelson-mandela1.jpg\"><img loading=\"lazy\" class=\"alignleft size-medium wp-image-372\" src=\"\/mariajosepou\/wp-content\/uploads\/sites\/4\/2010\/07\/nelson-mandela1.jpg\" alt=\"\" width=\"273\" height=\"300\" srcset=\"https:\/\/static-blogs.lasprovincias.es\/wp-content\/uploads\/sites\/4\/2010\/07\/nelson-mandela1.jpg 300w, https:\/\/static-blogs.lasprovincias.es\/wp-content\/uploads\/sites\/4\/2010\/07\/nelson-mandela1-274x300.jpg 274w\" sizes=\"(max-width: 273px) 100vw, 273px\" \/><\/a>Nelson Mandela cumple hoy 92 a\u00f1os. Son muchos, sin duda, pero resultan pocos para quien vio robados 27 de ellos por defender que todos los hombres, blancos y negros, tenemos los mismos derechos.<\/p>\n<p style=\"text-align: justify\">En estos d\u00edas resulta dif\u00edcil no concitar la unanimidad cuando se trata de alabar a Mandela pero los aniversarios no deber\u00edan nublarnos la vista ante los &#8216;mandelas&#8217; que en el mundo existen. Acabamos de verlo con los presos cubanos que han venido a Espa\u00f1a, encarcelados por pensar de un modo distinto. Lo conocemos en Birmania con Aung San Suu Kyi quien, precisamente hace un mes, cumpli\u00f3 65 y lleva ya 15 encerrada en su casa sin poder salir ni a recoger el Nobel de la Paz.<\/p>\n<p style=\"text-align: justify\">Tampoco es necesario irnos tan lejos. Hace unos d\u00edas present\u00f3 el Ministerio de Igualdad un informe seg\u00fan el cual el 41% de los estudiantes se cambiar\u00eda de sitio en la clase si supiera que su compa\u00f1ero es gay. No es la primera noticia que tenemos de ese tipo. En 2008, el Observatorio Estatal de Convivencia Escolar hizo una encuesta cuyos resultados indican lo mucho que este pa\u00eds debe trabajar para evitar apartheid: dos tercios de los alumnos de secundaria no quieren trabajar con marroqu\u00edes o gitanos y el 56% pondr\u00eda muchos reparos si tiene que hacerlo con jud\u00edos.<\/p>\n<p style=\"text-align: justify\">Es cierto que en nuestro entorno no existen autobuses para blancos y autobuses para negros pero las barreras no tienen por qu\u00e9 verse para existir. Cuando ahora conocemos la vida en Sud\u00e1frica antes del cambio, nos parece inaudito no ya que la discriminaci\u00f3n se admitiera internamente sino externamente. Que el mundo entero no alzara la voz para denunciarlo. Sin embargo, a la vista de c\u00f3mo los l\u00edderes mundiales miran hacia otro lado con China, con Ir\u00e1n, con Birmania o con todos esos pa\u00edses que diferencian ciudadanos de primera y de segunda, no nos deber\u00eda extra\u00f1ar.<\/p>\n<p style=\"text-align: justify\">Tampoco que en nuestro pa\u00eds seamos sutiles en la discriminaci\u00f3n. Son modos peligrosos, porque cambiarse de sitio en el autob\u00fas o atender antes a un cliente blanco que a uno negro no produce un &#8220;Mandela&#8221; que lo denuncie. Pero hay que hacerlo. Cada d\u00eda.<\/p>\n<!-- AddThis Advanced Settings generic via filter on the_content --><!-- AddThis Share Buttons generic via filter on the_content -->","protected":false},"excerpt":{"rendered":"<p>Nelson Mandela cumple hoy 92 a\u00f1os. Son muchos, sin duda, pero resultan pocos para quien vio robados 27 de ellos por defender que todos los hombres, blancos y negros, tenemos los mismos derechos. En estos d\u00edas resulta dif\u00edcil no concitar la unanimidad cuando se trata de alabar a Mandela pero los aniversarios no deber\u00edan nublarnos [&hellip;]<!-- AddThis Advanced Settings generic via filter on get_the_excerpt --><!-- AddThis Share Buttons generic via filter on get_the_excerpt --><\/p>\n","protected":false},"author":6,"featured_media":0,"comment_status":"open","ping_status":"closed","sticky":false,"template":"","format":"standard","meta":[],"categories":[4],"tags":[62,105],"_links":{"self":[{"href":"https:\/\/blogs.lasprovincias.es\/mariajosepou\/wp-json\/wp\/v2\/posts\/371"}],"collection":[{"href":"https:\/\/blogs.lasprovincias.es\/mariajosepou\/wp-json\/wp\/v2\/posts"}],"about":[{"href":"https:\/\/blogs.lasprovincias.es\/mariajosepou\/wp-json\/wp\/v2\/types\/post"}],"author":[{"embeddable":true,"href":"https:\/\/blogs.lasprovincias.es\/mariajosepou\/wp-json\/wp\/v2\/users\/6"}],"replies":[{"embeddable":true,"href":"https:\/\/blogs.lasprovincias.es\/mariajosepou\/wp-json\/wp\/v2\/comments?post=371"}],"version-history":[{"count":0,"href":"https:\/\/blogs.lasprovincias.es\/mariajosepou\/wp-json\/wp\/v2\/posts\/371\/revisions"}],"wp:attachment":[{"href":"https:\/\/blogs.lasprovincias.es\/mariajosepou\/wp-json\/wp\/v2\/media?parent=371"}],"wp:term":[{"taxonomy":"category","embeddable":true,"href":"https:\/\/blogs.lasprovincias.es\/mariajosepou\/wp-json\/wp\/v2\/categories?post=371"},{"taxonomy":"post_tag","embeddable":true,"href":"https:\/\/blogs.lasprovincias.es\/mariajosepou\/wp-json\/wp\/v2\/tags?post=371"}],"curies":[{"name":"wp","href":"https:\/\/api.w.org\/{rel}","templated":true}]}}