{"id":374,"date":"2010-07-19T07:25:57","date_gmt":"2010-07-19T07:25:57","guid":{"rendered":"http:\/\/firmas.lasprovincias.es\/mariajosepou\/?p=374"},"modified":"2010-07-19T07:25:57","modified_gmt":"2010-07-19T07:25:57","slug":"el-longui-de-moratinos","status":"publish","type":"post","link":"https:\/\/blogs.lasprovincias.es\/mariajosepou\/2010\/07\/19\/el-longui-de-moratinos\/","title":{"rendered":"El &#039;longui&#039; de Moratinos"},"content":{"rendered":"<p style=\"text-align: justify\"><a href=\"\/mariajosepou\/wp-content\/uploads\/sites\/4\/2010\/07\/Moratinos_vestido_turbante_gala_afganos.jpg\"><img loading=\"lazy\" class=\"alignleft size-medium wp-image-375\" src=\"\/mariajosepou\/wp-content\/uploads\/sites\/4\/2010\/07\/Moratinos_vestido_turbante_gala_afganos.jpg\" alt=\"\" width=\"300\" height=\"200\" srcset=\"https:\/\/static-blogs.lasprovincias.es\/wp-content\/uploads\/sites\/4\/2010\/07\/Moratinos_vestido_turbante_gala_afganos.jpg 995w, https:\/\/static-blogs.lasprovincias.es\/wp-content\/uploads\/sites\/4\/2010\/07\/Moratinos_vestido_turbante_gala_afganos-300x201.jpg 300w, https:\/\/static-blogs.lasprovincias.es\/wp-content\/uploads\/sites\/4\/2010\/07\/Moratinos_vestido_turbante_gala_afganos-768x514.jpg 768w\" sizes=\"(max-width: 300px) 100vw, 300px\" \/><\/a>Hasta ahora la palabra &#8216;longui&#8217; solo entraba en mis columnas de canto, para acusar a alguien de evadir sutilmente una cuesti\u00f3n, de hacerse el &#8216;sueco&#8217; o lo que es lo mismo: hacerse &#8216;el longui&#8217;.<\/p>\n<p style=\"text-align: justify\">Sin embargo, Moratinos no parece que haya ido a Afganist\u00e1n a mirar para otro lado sino todo lo contrario. Por eso me gusta su &#8216;longui&#8217;, es decir, el turbante color plata que le han puesto para agasajarlo.<\/p>\n<p style=\"text-align: justify\">Lo m\u00e1s curioso no es la visita sorpresa ni el homenaje recibido por parte de los notables del lugar sino lo bien que le queda el &#8216;longui&#8217;. Parece que lo hubiera llevado toda su vida, que hubiera nacido con \u00e9l y hubiera sido bautizado de esa guisa en lugar del traje de cristianar.<\/p>\n<p style=\"text-align: justify\">Moratinos siempre me ha parecido jefe de la tribu m\u00e1s que ministro del gobierno de Espa\u00f1a. Ataviado con el turbante y el manto de la autoridad pasar\u00eda por uno de tantos entre los venerables afganos si no fuera tan blanquito de piel y tan bobalic\u00f3n de gesto. Es m\u00e1s, si por fin hay remodelaci\u00f3n del gobierno, me encantar\u00eda verlo sustituir el banco azul del Congreso por una silla de tijera en las monta\u00f1as de Afganist\u00e1n a modo de embajador.<\/p>\n<p style=\"text-align: justify\">No s\u00e9 si lo har\u00eda mejor o peor \u00bfpeor? pero estoy segura de que dar\u00eda otro aire a la Alianza de Civilizaciones. Al menos, seguro que su paso por Afganist\u00e1n este fin de semana le ha dado claves para esa Alianza. Sin ir m\u00e1s lejos el acto comenz\u00f3 con el rezo de la oraci\u00f3n, hab\u00eda mujeres con burka presentes y los notables eran todo hombres.<\/p>\n<p style=\"text-align: justify\">Son esas cosas que nos alejan demasiado de aquel entorno y dificultan la &#8216;alianza&#8217;. Nada parecido ni remotamente a la paridad y mucho menos a la laicidad. Quiz\u00e1s por eso Moratinos se viste all\u00ed de otra guisa. No solo hablo de turbantes sino del esquema de valores. Es cierto que no podemos imponer los occidentales pero habr\u00e1 que explicarles a los afganos que el gobierno que les ayuda a tener pozos y agua potable es tambi\u00e9n femenino. Y la pr\u00f3xima vez, que vaya con Fern\u00e1ndez de la Vega.<\/p>\n<!-- AddThis Advanced Settings generic via filter on the_content --><!-- AddThis Share Buttons generic via filter on the_content -->","protected":false},"excerpt":{"rendered":"<p>Hasta ahora la palabra &#8216;longui&#8217; solo entraba en mis columnas de canto, para acusar a alguien de evadir sutilmente una cuesti\u00f3n, de hacerse el &#8216;sueco&#8217; o lo que es lo mismo: hacerse &#8216;el longui&#8217;. Sin embargo, Moratinos no parece que haya ido a Afganist\u00e1n a mirar para otro lado sino todo lo contrario. Por eso [&hellip;]<!-- AddThis Advanced Settings generic via filter on get_the_excerpt --><!-- AddThis Share Buttons generic via filter on get_the_excerpt --><\/p>\n","protected":false},"author":6,"featured_media":0,"comment_status":"open","ping_status":"closed","sticky":false,"template":"","format":"standard","meta":[],"categories":[4],"tags":[97,116],"_links":{"self":[{"href":"https:\/\/blogs.lasprovincias.es\/mariajosepou\/wp-json\/wp\/v2\/posts\/374"}],"collection":[{"href":"https:\/\/blogs.lasprovincias.es\/mariajosepou\/wp-json\/wp\/v2\/posts"}],"about":[{"href":"https:\/\/blogs.lasprovincias.es\/mariajosepou\/wp-json\/wp\/v2\/types\/post"}],"author":[{"embeddable":true,"href":"https:\/\/blogs.lasprovincias.es\/mariajosepou\/wp-json\/wp\/v2\/users\/6"}],"replies":[{"embeddable":true,"href":"https:\/\/blogs.lasprovincias.es\/mariajosepou\/wp-json\/wp\/v2\/comments?post=374"}],"version-history":[{"count":0,"href":"https:\/\/blogs.lasprovincias.es\/mariajosepou\/wp-json\/wp\/v2\/posts\/374\/revisions"}],"wp:attachment":[{"href":"https:\/\/blogs.lasprovincias.es\/mariajosepou\/wp-json\/wp\/v2\/media?parent=374"}],"wp:term":[{"taxonomy":"category","embeddable":true,"href":"https:\/\/blogs.lasprovincias.es\/mariajosepou\/wp-json\/wp\/v2\/categories?post=374"},{"taxonomy":"post_tag","embeddable":true,"href":"https:\/\/blogs.lasprovincias.es\/mariajosepou\/wp-json\/wp\/v2\/tags?post=374"}],"curies":[{"name":"wp","href":"https:\/\/api.w.org\/{rel}","templated":true}]}}