{"id":381,"date":"2010-07-21T06:09:33","date_gmt":"2010-07-21T06:09:33","guid":{"rendered":"http:\/\/firmas.lasprovincias.es\/mariajosepou\/?p=381"},"modified":"2010-07-21T06:09:33","modified_gmt":"2010-07-21T06:09:33","slug":"mi-techo-de-gasto","status":"publish","type":"post","link":"https:\/\/blogs.lasprovincias.es\/mariajosepou\/2010\/07\/21\/mi-techo-de-gasto\/","title":{"rendered":"Mi techo de gasto"},"content":{"rendered":"<p style=\"text-align: justify\"><a href=\"\/mariajosepou\/wp-content\/uploads\/sites\/4\/2010\/07\/boccaverita1.jpg\"><img loading=\"lazy\" class=\"alignleft size-medium wp-image-382\" src=\"\/mariajosepou\/wp-content\/uploads\/sites\/4\/2010\/07\/boccaverita1.jpg\" alt=\"\" width=\"208\" height=\"300\" \/><\/a>Despu\u00e9s de la sesi\u00f3n de ayer en el Congreso, me complace anunciar que yo tambi\u00e9n he llegado a un acuerdo conmigo misma para aprobar mi \u00abtecho de gasto\u00bb. Este no alcanza los 182.000 millones de euros del Estado. \u00a1Ya quisiera! Si los tuviera, mi techo no ser\u00eda tal, ser\u00eda la estratosfera, aproximadamente o, como dir\u00eda el poeta de la animaci\u00f3n contempor\u00e1nea, hasta el infinito y m\u00e1s all\u00e1.<\/p>\n<p style=\"text-align: justify\">El m\u00edo se queda mucho m\u00e1s bajito y modesto hasta el punto de hacerme andar agachada la mayor parte del tiempo. No es que sea un techo. Es m\u00e1s bien una guillotina a la altura de la cartera que tiembla y se afila cada vez que acerco la mano. De lejos suena &#8216;La Marsellesa&#8217; y una voz en off dice: \u00abAy, Mar\u00eda Antonieta, Mar\u00eda Antonieta\u00bb. Eso me recuerda que gastar un euro pone en riesgo mi linda manita y me reprimo.<\/p>\n<p style=\"text-align: justify\">Es una versi\u00f3n sofisticada y gore de la Bocca de la Verit\u00e0 de Roma. Esa piedra donde dice la tradici\u00f3n que los mentirosos met\u00edan la mano y la perd\u00edan. Ahora solo queda un decorado donde hacerse fotos gracias a la labor de difusi\u00f3n tur\u00edstica que hizo la pel\u00edcula &#8216;Vacaciones en Roma&#8217; en la que Gregory Peck asustaba a Audrey Hepburn advirti\u00e9ndole del riesgo.<\/p>\n<p style=\"text-align: justify\">Mi cartera y la guillotina asociada tambi\u00e9n me advierten del techo de gasto. Lo mismo que deber\u00eda tener el Gobierno y algunos de sus manirrotos ministros a la hora de distribuir el presupuesto de su negociado.<\/p>\n<p style=\"text-align: justify\">Ahora que se va a extender la factura sanitaria informativa para que los ciudadanos tomemos conciencia de cu\u00e1nto cuesta el servicio que nos dan, no estar\u00eda de m\u00e1s que hicieran lo mismo con los pol\u00edticos. As\u00ed, ser\u00eda muy aleccionador que un alcalde se enterara de cu\u00e1nto cuesta al contribuyente su puesto o que un asesor tuviera una factura informativa que le indicara a qu\u00e9 equivale el coste de su nula gesti\u00f3n: a un centro de salud, al asfaltado de diez calles o a tres plazas en residencia de ancianos.<\/p>\n<p style=\"text-align: justify\">Adem\u00e1s deber\u00edan hacerlo a lo salvaje, como el hilo musical de mi guillotina ahorradora: haciendo sangre, a ver si reaccionan.<\/p>\n<!-- AddThis Advanced Settings generic via filter on the_content --><!-- AddThis Share Buttons generic via filter on the_content -->","protected":false},"excerpt":{"rendered":"<p>Despu\u00e9s de la sesi\u00f3n de ayer en el Congreso, me complace anunciar que yo tambi\u00e9n he llegado a un acuerdo conmigo misma para aprobar mi \u00abtecho de gasto\u00bb. Este no alcanza los 182.000 millones de euros del Estado. \u00a1Ya quisiera! Si los tuviera, mi techo no ser\u00eda tal, ser\u00eda la estratosfera, aproximadamente o, como dir\u00eda [&hellip;]<!-- AddThis Advanced Settings generic via filter on get_the_excerpt --><!-- AddThis Share Buttons generic via filter on get_the_excerpt --><\/p>\n","protected":false},"author":6,"featured_media":0,"comment_status":"open","ping_status":"closed","sticky":false,"template":"","format":"standard","meta":[],"categories":[4],"tags":[65,136],"_links":{"self":[{"href":"https:\/\/blogs.lasprovincias.es\/mariajosepou\/wp-json\/wp\/v2\/posts\/381"}],"collection":[{"href":"https:\/\/blogs.lasprovincias.es\/mariajosepou\/wp-json\/wp\/v2\/posts"}],"about":[{"href":"https:\/\/blogs.lasprovincias.es\/mariajosepou\/wp-json\/wp\/v2\/types\/post"}],"author":[{"embeddable":true,"href":"https:\/\/blogs.lasprovincias.es\/mariajosepou\/wp-json\/wp\/v2\/users\/6"}],"replies":[{"embeddable":true,"href":"https:\/\/blogs.lasprovincias.es\/mariajosepou\/wp-json\/wp\/v2\/comments?post=381"}],"version-history":[{"count":0,"href":"https:\/\/blogs.lasprovincias.es\/mariajosepou\/wp-json\/wp\/v2\/posts\/381\/revisions"}],"wp:attachment":[{"href":"https:\/\/blogs.lasprovincias.es\/mariajosepou\/wp-json\/wp\/v2\/media?parent=381"}],"wp:term":[{"taxonomy":"category","embeddable":true,"href":"https:\/\/blogs.lasprovincias.es\/mariajosepou\/wp-json\/wp\/v2\/categories?post=381"},{"taxonomy":"post_tag","embeddable":true,"href":"https:\/\/blogs.lasprovincias.es\/mariajosepou\/wp-json\/wp\/v2\/tags?post=381"}],"curies":[{"name":"wp","href":"https:\/\/api.w.org\/{rel}","templated":true}]}}