{"id":384,"date":"2010-07-22T05:51:23","date_gmt":"2010-07-22T05:51:23","guid":{"rendered":"http:\/\/firmas.lasprovincias.es\/mariajosepou\/?p=384"},"modified":"2010-07-22T05:51:23","modified_gmt":"2010-07-22T05:51:23","slug":"memoria-amarga-de-mi","status":"publish","type":"post","link":"https:\/\/blogs.lasprovincias.es\/mariajosepou\/2010\/07\/22\/memoria-amarga-de-mi\/","title":{"rendered":"Memoria amarga de m\u00ed"},"content":{"rendered":"<p style=\"text-align: justify\"><a href=\"\/mariajosepou\/wp-content\/uploads\/sites\/4\/2010\/07\/Don-Juan1.jpg\"><img loading=\"lazy\" class=\"alignleft size-medium wp-image-385\" src=\"\/mariajosepou\/wp-content\/uploads\/sites\/4\/2010\/07\/Don-Juan1.jpg\" alt=\"\" width=\"300\" height=\"263\" \/><\/a>He de admitir que ayer me despert\u00f3 del letargo canicular una cita de Zorrilla.<\/p>\n<p style=\"text-align: justify\">Fue en la sobremesa, cuando miles de grados a la sombra estresan a los trabajadores de la construcci\u00f3n no tanto como su trabajo estresa a los controladores a\u00e9reos, al parecer.<\/p>\n<p style=\"text-align: justify\">La diferencia es que los pobres alba\u00f1iles no paralizan Espa\u00f1a con su malestar y luchan contra las inclemencias laborales de su salud cantando al Fary a las cuatro de la tarde y fastidiando solo a los vecinos de la finca contigua en lugar de a varios millones de personas.<\/p>\n<p style=\"text-align: justify\">Ese momento de vigilia suelo distraer mi conciencia, que no mi moral, dej\u00e1ndola vagar entre las brumas del sue\u00f1o espa\u00f1ol por antonomasia, esto es, la siesta de julio que no tiene parang\u00f3n con ninguna otra, sobre todo, porque en agosto es la due\u00f1a y se\u00f1ora de mi tiempo y en cambio en julio es solo una okupa.<\/p>\n<p style=\"text-align: justify\">El caso es que, mientras iba entrando en un cierto duermevela con las noticias, antes de sucumbir definitivamente a la &#8216;serpiente multicolor&#8217; del Tour, escuch\u00e9 un fragmento del debate parlamentario.<\/p>\n<p style=\"text-align: justify\">En \u00e9l, la portavoz del grupo popular, S\u00e1ez de Santamar\u00eda, declamaba sin entusiasmo el momento en el que Don Juan resume su vida con amargura. Ella lo atribuy\u00f3 a Rodr\u00edguez Zapatero y concit\u00f3 los aplausos de sus compa\u00f1eros de bancada si bien no sus ecos. A nadie vi mover los labios repitiendo en voz bajita esos mismos versos, como cuando alguien se sabe el poema y se suma a su proclamaci\u00f3n p\u00fablica.<\/p>\n<p style=\"text-align: justify\">Nunca sabr\u00e9 si es que lo desconoc\u00edan, si era la primera vez que lo escuchaban, si dudaban sobre el tal Zorrilla y pensaban que era un mensaje subliminal con muy mala uva o sencillamente si eran t\u00edmidos y no quer\u00edan restar protagonismo a la pregonera de la Carrera de San Jer\u00f3nimo.<\/p>\n<p style=\"text-align: justify\">Lo que me llam\u00f3 la atenci\u00f3n no solo fue escuchar una cita ilustrada en lugar de cuatro t\u00f3picos malencarados sino lo que dej\u00f3 fuera la portavoz. El verso termina con un \u00aba las mujeres vend\u00ed\u00bb cercenado por Soraya no s\u00e9 si porque Igualdad y Bibiana ser\u00e1n los \u00fanicos legados de Zapatero.<\/p>\n<!-- AddThis Advanced Settings generic via filter on the_content --><!-- AddThis Share Buttons generic via filter on the_content -->","protected":false},"excerpt":{"rendered":"<p>He de admitir que ayer me despert\u00f3 del letargo canicular una cita de Zorrilla. Fue en la sobremesa, cuando miles de grados a la sombra estresan a los trabajadores de la construcci\u00f3n no tanto como su trabajo estresa a los controladores a\u00e9reos, al parecer. La diferencia es que los pobres alba\u00f1iles no paralizan Espa\u00f1a con [&hellip;]<!-- AddThis Advanced Settings generic via filter on get_the_excerpt --><!-- AddThis Share Buttons generic via filter on get_the_excerpt --><\/p>\n","protected":false},"author":6,"featured_media":0,"comment_status":"open","ping_status":"closed","sticky":false,"template":"","format":"standard","meta":[],"categories":[4],"tags":[58,116,136,187],"_links":{"self":[{"href":"https:\/\/blogs.lasprovincias.es\/mariajosepou\/wp-json\/wp\/v2\/posts\/384"}],"collection":[{"href":"https:\/\/blogs.lasprovincias.es\/mariajosepou\/wp-json\/wp\/v2\/posts"}],"about":[{"href":"https:\/\/blogs.lasprovincias.es\/mariajosepou\/wp-json\/wp\/v2\/types\/post"}],"author":[{"embeddable":true,"href":"https:\/\/blogs.lasprovincias.es\/mariajosepou\/wp-json\/wp\/v2\/users\/6"}],"replies":[{"embeddable":true,"href":"https:\/\/blogs.lasprovincias.es\/mariajosepou\/wp-json\/wp\/v2\/comments?post=384"}],"version-history":[{"count":0,"href":"https:\/\/blogs.lasprovincias.es\/mariajosepou\/wp-json\/wp\/v2\/posts\/384\/revisions"}],"wp:attachment":[{"href":"https:\/\/blogs.lasprovincias.es\/mariajosepou\/wp-json\/wp\/v2\/media?parent=384"}],"wp:term":[{"taxonomy":"category","embeddable":true,"href":"https:\/\/blogs.lasprovincias.es\/mariajosepou\/wp-json\/wp\/v2\/categories?post=384"},{"taxonomy":"post_tag","embeddable":true,"href":"https:\/\/blogs.lasprovincias.es\/mariajosepou\/wp-json\/wp\/v2\/tags?post=384"}],"curies":[{"name":"wp","href":"https:\/\/api.w.org\/{rel}","templated":true}]}}