{"id":387,"date":"2010-07-23T06:48:58","date_gmt":"2010-07-23T06:48:58","guid":{"rendered":"http:\/\/firmas.lasprovincias.es\/mariajosepou\/?p=387"},"modified":"2010-07-23T06:48:58","modified_gmt":"2010-07-23T06:48:58","slug":"10-anos-no-son-nada","status":"publish","type":"post","link":"https:\/\/blogs.lasprovincias.es\/mariajosepou\/2010\/07\/23\/10-anos-no-son-nada\/","title":{"rendered":"10 a\u00f1os no son nada"},"content":{"rendered":"<p style=\"text-align: justify\"><a href=\"\/mariajosepou\/wp-content\/uploads\/sites\/4\/2010\/07\/01.jpg\"><img loading=\"lazy\" class=\"alignleft size-thumbnail wp-image-388\" src=\"\/mariajosepou\/wp-content\/uploads\/sites\/4\/2010\/07\/01.jpg\" alt=\"\" width=\"150\" height=\"150\" \/><\/a>Nunca he entendido a quienes no quieren verse en fotos actuales alegando que hace a\u00f1os estaban mejor. No s\u00e9 si es porque d\u00eda a d\u00eda aumenta mi miop\u00eda, porque lo hace mi autoestima o porque siempre nos quedar\u00e1 Par\u00eds y el Phostoshop. El caso es que yo nunca me he visto bien en las fotos antiguas. Ser\u00e1 por el tono sepia o porque la cara de cr\u00eda me suena a adolescencia granulosa y complicada pero en ning\u00fan caso me cambiar\u00eda con la que veo hoy asomadita a esta columna.<\/p>\n<p style=\"text-align: justify\">Por eso cuando he visto las fotos y v\u00eddeos del XXXV Congreso del PSOE en el que Zapatero fue elegido Secretario General, he pensado a \u00e9l que le pasar\u00e1 lo mismo que a m\u00ed. Es verdad que sus ni\u00f1as, hace 10 a\u00f1os, no eran todav\u00eda g\u00f3ticas y quiz\u00e1s no pasaban de rom\u00e1nicas. Pero lo que es cierto es que ZP tiene una carusi\u00f1a de imberbe inexperto que no se la quita ni Jos\u00e9 Bono alzando su brazo con menos pelo que ahora sobre la coronilla. Milagros de Nuestra Se\u00f1ora, seguramente.<\/p>\n<p style=\"text-align: justify\">La carusi\u00f1a de entonces se le ha borrado y ha mutado en el rictus de cincuent\u00f3n que tiene ahora. La inexperiencia se ha disuelto por s\u00ed misma siquiera con el paso del tiempo si bien no ha aportado sabidur\u00eda, que es lo que acarrea su desaparici\u00f3n.<\/p>\n<p style=\"text-align: justify\">Adem\u00e1s a ZP, en aquel Congreso, le hab\u00eda abandonado su estilista con efecto retroactivo y me llevaba unos pelos de peque\u00f1o cantor de Viena vestido para actuar con los Von Trapp y unas cejas de maquillador de Star Treck en noche de mojitos y coco locos a granel. O sea, un horror solo comparable al aspecto de Sonsoles sin pasar por la Moncloa ni por Malasa\u00f1a ni tan siquiera por Chueca.<\/p>\n<p style=\"text-align: justify\">En lo \u00fanico que me reafirmo hoy es en uno de los lemas usados durante este tiempo. Me refiero al &#8216;Razones para creer&#8217;. Ya s\u00e9 que Rouco no estar\u00e1 de acuerdo pero a m\u00ed ZP me aumenta la fe. No la esperanza, todo hay que decirlo, pero s\u00ed la fe. O nos agarrarmos al Todopoderoso o Dios nos pille confesados.<\/p>\n<!-- AddThis Advanced Settings generic via filter on the_content --><!-- AddThis Share Buttons generic via filter on the_content -->","protected":false},"excerpt":{"rendered":"<p>Nunca he entendido a quienes no quieren verse en fotos actuales alegando que hace a\u00f1os estaban mejor. No s\u00e9 si es porque d\u00eda a d\u00eda aumenta mi miop\u00eda, porque lo hace mi autoestima o porque siempre nos quedar\u00e1 Par\u00eds y el Phostoshop. El caso es que yo nunca me he visto bien en las fotos [&hellip;]<!-- AddThis Advanced Settings generic via filter on get_the_excerpt --><!-- AddThis Share Buttons generic via filter on get_the_excerpt --><\/p>\n","protected":false},"author":6,"featured_media":0,"comment_status":"open","ping_status":"closed","sticky":false,"template":"","format":"standard","meta":[],"categories":[4],"tags":[187],"_links":{"self":[{"href":"https:\/\/blogs.lasprovincias.es\/mariajosepou\/wp-json\/wp\/v2\/posts\/387"}],"collection":[{"href":"https:\/\/blogs.lasprovincias.es\/mariajosepou\/wp-json\/wp\/v2\/posts"}],"about":[{"href":"https:\/\/blogs.lasprovincias.es\/mariajosepou\/wp-json\/wp\/v2\/types\/post"}],"author":[{"embeddable":true,"href":"https:\/\/blogs.lasprovincias.es\/mariajosepou\/wp-json\/wp\/v2\/users\/6"}],"replies":[{"embeddable":true,"href":"https:\/\/blogs.lasprovincias.es\/mariajosepou\/wp-json\/wp\/v2\/comments?post=387"}],"version-history":[{"count":0,"href":"https:\/\/blogs.lasprovincias.es\/mariajosepou\/wp-json\/wp\/v2\/posts\/387\/revisions"}],"wp:attachment":[{"href":"https:\/\/blogs.lasprovincias.es\/mariajosepou\/wp-json\/wp\/v2\/media?parent=387"}],"wp:term":[{"taxonomy":"category","embeddable":true,"href":"https:\/\/blogs.lasprovincias.es\/mariajosepou\/wp-json\/wp\/v2\/categories?post=387"},{"taxonomy":"post_tag","embeddable":true,"href":"https:\/\/blogs.lasprovincias.es\/mariajosepou\/wp-json\/wp\/v2\/tags?post=387"}],"curies":[{"name":"wp","href":"https:\/\/api.w.org\/{rel}","templated":true}]}}