{"id":393,"date":"2010-07-25T06:10:57","date_gmt":"2010-07-25T06:10:57","guid":{"rendered":"http:\/\/firmas.lasprovincias.es\/mariajosepou\/?p=393"},"modified":"2010-07-25T06:10:57","modified_gmt":"2010-07-25T06:10:57","slug":"santo-y-compostelano","status":"publish","type":"post","link":"https:\/\/blogs.lasprovincias.es\/mariajosepou\/2010\/07\/25\/santo-y-compostelano\/","title":{"rendered":"Santo y Compostelano"},"content":{"rendered":"<p style=\"text-align: justify\"><a href=\"\/mariajosepou\/wp-content\/uploads\/sites\/4\/2010\/07\/santiago-de-compostela-142-V-600.jpg\"><img loading=\"lazy\" class=\"alignleft size-thumbnail wp-image-394\" src=\"\/mariajosepou\/wp-content\/uploads\/sites\/4\/2010\/07\/santiago-de-compostela-142-V-600.jpg\" alt=\"\" width=\"150\" height=\"150\" \/><\/a>El A\u00f1o Santo Compostelano es Santo. Y es Compostelano. Y ahora dir\u00e1n ustedes que me ha dado un golpe de calor y que estoy m\u00e1s l\u00facida que de costumbre. Pues no.<\/p>\n<p style=\"text-align: justify\">Lo digo mientras pienso en tecla alta sobre el empe\u00f1o del Gobierno por eliminar los s\u00edmbolos cristianos por doquier. Supongo que en breve le tocar\u00e1 a las celebraciones civiles, no solo las militares. Por ejemplo, que los Reyes hagan hoy la Ofrenda al Ap\u00f3stol en Santiago de Compostela, una tradici\u00f3n desde Felipe IV.<\/p>\n<p style=\"text-align: justify\">Y una verdadera aberraci\u00f3n desde el punto de vista de la separaci\u00f3n Iglesia-Estado, del Estado aconfesional y bla bla bla. Digamos que lo tiene todo para ser objeto de las iras laicistas: acto real; patr\u00f3n reconquistador, contrario a la Alianza de Civilizaciones; ofrecer Espa\u00f1a a un santo y encima celebrarlo con el humo del botafumeiro cuyo impacto medioambiental debe de ser tremendo. Un verdadero horror. Para evitar suspicacias, el A\u00f1o Santo en algunos entornos no se llama Santo (de ah\u00ed mi perogrullada inicial) sino Xacobeo y el d\u00eda 25 de julio no es el del Ap\u00f3stol sino el de Galicia pero a m\u00ed me da que quienes hacen el Camino lo hacen para llegar al Obradoiro y no a Casa Marcelo aunque sea \u00e9sta parada obligada despu\u00e9s de haber ganado el jubileo, que por algo no est\u00e1 re\u00f1ida la santificaci\u00f3n con el buen paladar sino con el exceso, o sea, la gula, que nada tiene que ver con \u00e9ste.<\/p>\n<p style=\"text-align: justify\">Me pregunto, pues, c\u00f3mo encajar una Ofrenda del Jefe del Estado al patr\u00f3n de Espa\u00f1a, santo y guerrero para m\u00e1s se\u00f1as, con el laicismo. Supongo que mal, pero tocar a Santiago no solo es arriesgarse a que nos d\u00e9 con el espad\u00f3n desde el caballo sino a que Galicia entera vea removidos sus cimientos.<\/p>\n<p style=\"text-align: justify\">Imagino que, por eso, nadie plantea que los Reyes dejen de abrazar al Ap\u00f3stol en el d\u00eda grande de la fiesta compostelana por mucho que algunos quieran hacerla entroncar con meigas y ritos celtas. No me imagino a Do\u00f1a Sof\u00eda festejando el patr\u00f3n de Espa\u00f1a con una queimada. A Don Juan Carlos, s\u00ed, la verdad. Todo hay que decirlo.<\/p>\n<!-- AddThis Advanced Settings generic via filter on the_content --><!-- AddThis Share Buttons generic via filter on the_content -->","protected":false},"excerpt":{"rendered":"<p>El A\u00f1o Santo Compostelano es Santo. Y es Compostelano. Y ahora dir\u00e1n ustedes que me ha dado un golpe de calor y que estoy m\u00e1s l\u00facida que de costumbre. Pues no. Lo digo mientras pienso en tecla alta sobre el empe\u00f1o del Gobierno por eliminar los s\u00edmbolos cristianos por doquier. Supongo que en breve le [&hellip;]<!-- AddThis Advanced Settings generic via filter on get_the_excerpt --><!-- AddThis Share Buttons generic via filter on get_the_excerpt --><\/p>\n","protected":false},"author":6,"featured_media":0,"comment_status":"open","ping_status":"closed","sticky":false,"template":"","format":"standard","meta":[],"categories":[4],"tags":[40,148,150],"_links":{"self":[{"href":"https:\/\/blogs.lasprovincias.es\/mariajosepou\/wp-json\/wp\/v2\/posts\/393"}],"collection":[{"href":"https:\/\/blogs.lasprovincias.es\/mariajosepou\/wp-json\/wp\/v2\/posts"}],"about":[{"href":"https:\/\/blogs.lasprovincias.es\/mariajosepou\/wp-json\/wp\/v2\/types\/post"}],"author":[{"embeddable":true,"href":"https:\/\/blogs.lasprovincias.es\/mariajosepou\/wp-json\/wp\/v2\/users\/6"}],"replies":[{"embeddable":true,"href":"https:\/\/blogs.lasprovincias.es\/mariajosepou\/wp-json\/wp\/v2\/comments?post=393"}],"version-history":[{"count":0,"href":"https:\/\/blogs.lasprovincias.es\/mariajosepou\/wp-json\/wp\/v2\/posts\/393\/revisions"}],"wp:attachment":[{"href":"https:\/\/blogs.lasprovincias.es\/mariajosepou\/wp-json\/wp\/v2\/media?parent=393"}],"wp:term":[{"taxonomy":"category","embeddable":true,"href":"https:\/\/blogs.lasprovincias.es\/mariajosepou\/wp-json\/wp\/v2\/categories?post=393"},{"taxonomy":"post_tag","embeddable":true,"href":"https:\/\/blogs.lasprovincias.es\/mariajosepou\/wp-json\/wp\/v2\/tags?post=393"}],"curies":[{"name":"wp","href":"https:\/\/api.w.org\/{rel}","templated":true}]}}