{"id":3931,"date":"2012-03-04T10:01:09","date_gmt":"2012-03-04T10:01:09","guid":{"rendered":"http:\/\/blogs.lasprovincias.es\/mariajosepou\/?p=3931"},"modified":"2012-03-04T10:01:09","modified_gmt":"2012-03-04T10:01:09","slug":"pancarteros","status":"publish","type":"post","link":"https:\/\/blogs.lasprovincias.es\/mariajosepou\/2012\/03\/04\/pancarteros\/","title":{"rendered":"&#8220;Pancarteros&#8221;"},"content":{"rendered":"<p style=\"text-align: justify;\"><a href=\"\/mariajosepou\/wp-content\/uploads\/sites\/4\/2012\/03\/images.jpeg\"><img loading=\"lazy\" class=\"alignleft size-full wp-image-3932\" title=\"images\" src=\"\/mariajosepou\/wp-content\/uploads\/sites\/4\/2012\/03\/images.jpeg\" alt=\"\" width=\"208\" height=\"176\" \/><\/a>No s\u00e9 de qu\u00e9 se extra\u00f1an. Si es que se extra\u00f1an, que ya no lo tengo muy claro. A estas alturas, cualquier aspaviento proveniente de un pol\u00edtico me activa menos que una lecci\u00f3n magistral de ordinariez por parte de una \u201cchoni\u201d.<br \/>\nEstoy convencida de que todo es pose, pero a\u00fan as\u00ed consiguen que hablemos de ellos. Si el PSOE se manifiesta, que \u201cm\u00edralos, ahora toman la calle\u201d. Si lo hace el PP, \u201cestos son unos PPancarteros\u201d. Si el PSOE protesta por la reforma laboral, que \u201cya ves t\u00fa, si los sindicatos les hicieron una huelga y ahora van de la mano\u201d; si el PP sal\u00eda a la calle contra el aborto, que \u201cpor qu\u00e9 no cambiaron la ley cuando estuvieron en el poder\u201d. Podr\u00edamos estar as\u00ed hasta ma\u00f1ana.<br \/>\nLa manifestaci\u00f3n es el \u00faltimo recurso que le queda a un partido, a un grupo o a un colectivo profesional. Que se les oiga. Y es comprensible.<br \/>\nCuando unos ciudadanos afectados por una medida gubernamental intentan transmitir su queja, tienen pocas v\u00edas y las que hay suelen ser demasiado lentas. Pueden ir al Defensor del Pueblo; pueden acudir a los tribunales; pueden esperar a las urnas pero todos ellos son caminos largos, tortuosos y sin eficacia probada, de modo que es normal que recurran al altavoz expr\u00e9s que es un manifestaci\u00f3n.<br \/>\nAhora bien, que los partidos se unan a ellos, siendo algo perfectamente leg\u00edtimo, resulta llamativo. Los grupos con representaci\u00f3n parlamentaria tienen \u2013ellos, s\u00ed- un camino directo no solo para hacerse escuchar sino para hacer que se escuche a los ciudadanos. Para eso est\u00e1n ah\u00ed. Por tanto, donde deben volcarse es en los parlamentos m\u00e1s que en las pancartas, y evitar, por supuesto, confundir ambos terrenos. Una cosa es intentar que las Cortes no vivan alejadas de la realidad que pisa el ciudadano y otra, transformar en \u201cpancartista\u201d la vida parlamentaria. En el Parlamento se expone, se razona y se dialoga, no se grita, ni se arenga. Pero esos debates a\u00fan est\u00e1n por llegar.<\/p>\n<!-- AddThis Advanced Settings generic via filter on the_content --><!-- AddThis Share Buttons generic via filter on the_content -->","protected":false},"excerpt":{"rendered":"<p>No s\u00e9 de qu\u00e9 se extra\u00f1an. Si es que se extra\u00f1an, que ya no lo tengo muy claro. A estas alturas, cualquier aspaviento proveniente de un pol\u00edtico me activa menos que una lecci\u00f3n magistral de ordinariez por parte de una \u201cchoni\u201d. Estoy convencida de que todo es pose, pero a\u00fan as\u00ed consiguen que hablemos de [&hellip;]<!-- AddThis Advanced Settings generic via filter on get_the_excerpt --><!-- AddThis Share Buttons generic via filter on get_the_excerpt --><\/p>\n","protected":false},"author":6,"featured_media":0,"comment_status":"open","ping_status":"closed","sticky":false,"template":"","format":"standard","meta":[],"categories":[4],"tags":[136,143,149,154],"_links":{"self":[{"href":"https:\/\/blogs.lasprovincias.es\/mariajosepou\/wp-json\/wp\/v2\/posts\/3931"}],"collection":[{"href":"https:\/\/blogs.lasprovincias.es\/mariajosepou\/wp-json\/wp\/v2\/posts"}],"about":[{"href":"https:\/\/blogs.lasprovincias.es\/mariajosepou\/wp-json\/wp\/v2\/types\/post"}],"author":[{"embeddable":true,"href":"https:\/\/blogs.lasprovincias.es\/mariajosepou\/wp-json\/wp\/v2\/users\/6"}],"replies":[{"embeddable":true,"href":"https:\/\/blogs.lasprovincias.es\/mariajosepou\/wp-json\/wp\/v2\/comments?post=3931"}],"version-history":[{"count":0,"href":"https:\/\/blogs.lasprovincias.es\/mariajosepou\/wp-json\/wp\/v2\/posts\/3931\/revisions"}],"wp:attachment":[{"href":"https:\/\/blogs.lasprovincias.es\/mariajosepou\/wp-json\/wp\/v2\/media?parent=3931"}],"wp:term":[{"taxonomy":"category","embeddable":true,"href":"https:\/\/blogs.lasprovincias.es\/mariajosepou\/wp-json\/wp\/v2\/categories?post=3931"},{"taxonomy":"post_tag","embeddable":true,"href":"https:\/\/blogs.lasprovincias.es\/mariajosepou\/wp-json\/wp\/v2\/tags?post=3931"}],"curies":[{"name":"wp","href":"https:\/\/api.w.org\/{rel}","templated":true}]}}