{"id":3933,"date":"2012-03-05T14:34:35","date_gmt":"2012-03-05T14:34:35","guid":{"rendered":"http:\/\/blogs.lasprovincias.es\/mariajosepou\/?p=3933"},"modified":"2012-03-05T14:34:35","modified_gmt":"2012-03-05T14:34:35","slug":"primaveras-valencianas","status":"publish","type":"post","link":"https:\/\/blogs.lasprovincias.es\/mariajosepou\/2012\/03\/05\/primaveras-valencianas\/","title":{"rendered":"Primaveras valencianas"},"content":{"rendered":"<p style=\"text-align: justify;\"><a href=\"\/mariajosepou\/wp-content\/uploads\/sites\/4\/2012\/03\/nazarenos-llorando2-704862.jpg\"><img loading=\"lazy\" class=\"alignleft size-medium wp-image-3934\" title=\"nazarenos-llorando2-704862\" src=\"\/mariajosepou\/wp-content\/uploads\/sites\/4\/2012\/03\/nazarenos-llorando2-704862.jpg\" alt=\"\" width=\"300\" height=\"198\" srcset=\"https:\/\/static-blogs.lasprovincias.es\/wp-content\/uploads\/sites\/4\/2012\/03\/nazarenos-llorando2-704862.jpg 590w, https:\/\/static-blogs.lasprovincias.es\/wp-content\/uploads\/sites\/4\/2012\/03\/nazarenos-llorando2-704862-300x198.jpg 300w\" sizes=\"(max-width: 300px) 100vw, 300px\" \/><\/a>Cada vez que llueve en Semana Santa y veo im\u00e1genes de los costaleros sevillanos llorando desconsoladamente, me conmuevo.<\/p>\n<p style=\"text-align: justify;\">Llevan todo un a\u00f1o esperando sacar a su Cristo o a su Virgen; han ensayado por las callejuelas con su paso al hombro cada noche de los \u00faltimos meses por muy cansados que estuvieran del trabajo, mientras ped\u00edan a su Cachorro o a su Se\u00f1ora solo una cosa: que no lloviera y que no les doliera la rodilla. O una mijilla, al menos. Por una noche, nada m\u00e1s.<\/p>\n<p style=\"text-align: justify;\">Y de pronto esa tarde se cierra el cielo y empiezan a caer gotas como lagrimones de una Macarena desgarrada. Y todo se vuelve noche. Y solo queda esperar un a\u00f1o para so\u00f1ar de nuevo bajo el capirote.<\/p>\n<p style=\"text-align: justify;\">No soy muy de fiestas populares ni creo que pudiera vincularme emocionalmente tanto con una de ellas como para sacrificarme durante un a\u00f1o entero para vivir unas pocas jornadas.<\/p>\n<p style=\"text-align: justify;\">Sin embargo, o quiz\u00e1s por eso, me merece todo el respeto y admiraci\u00f3n quien renuncia a su tiempo libre, a otras aficiones, a parte de su sueldo y a muchos caprichos para conseguir que esa fiesta sea cada a\u00f1o m\u00e1s brillante y m\u00e1s imponente. Para ofrecer nuestra mejor cara a un turismo que no es como el ladrillo sino que deja dinero de verdad, del que nos da de comer y paga nuestras facturas. Al menos, las de muchos por estas tierras.<\/p>\n<p style=\"text-align: justify;\">Esos sacrificados merecen disfrutar de las Fallas. Ellos tambi\u00e9n llevan a sus hijos a colegios de barracones y han tenido que hacer milagros para que la ni\u00f1a se vista de fallera. Una ni\u00f1a que, quiz\u00e1s, no puede pagarse un traje y ha aceptado que se lo deje una prima. Porque se muere de ilusi\u00f3n por ir a la Ofrenda y por ir de pasacalle pisando con m\u00e1s orgullo que las modelos de Victoria\u2019s Secret.<\/p>\n<p style=\"text-align: justify;\">Sus padres tambi\u00e9n se quejan de que hayan eliminado las extraescolares del colegio, por eso quieren disfrutar la primavera valenciana original. Tiempo hay para ambas: la reivindicativa y la festiva. No las volvamos incompatibles.<\/p>\n<!-- AddThis Advanced Settings generic via filter on the_content --><!-- AddThis Share Buttons generic via filter on the_content -->","protected":false},"excerpt":{"rendered":"<p>Cada vez que llueve en Semana Santa y veo im\u00e1genes de los costaleros sevillanos llorando desconsoladamente, me conmuevo. Llevan todo un a\u00f1o esperando sacar a su Cristo o a su Virgen; han ensayado por las callejuelas con su paso al hombro cada noche de los \u00faltimos meses por muy cansados que estuvieran del trabajo, mientras [&hellip;]<!-- AddThis Advanced Settings generic via filter on get_the_excerpt --><!-- AddThis Share Buttons generic via filter on get_the_excerpt --><\/p>\n","protected":false},"author":6,"featured_media":0,"comment_status":"open","ping_status":"closed","sticky":false,"template":"","format":"standard","meta":[],"categories":[4],"tags":[54,66,180],"_links":{"self":[{"href":"https:\/\/blogs.lasprovincias.es\/mariajosepou\/wp-json\/wp\/v2\/posts\/3933"}],"collection":[{"href":"https:\/\/blogs.lasprovincias.es\/mariajosepou\/wp-json\/wp\/v2\/posts"}],"about":[{"href":"https:\/\/blogs.lasprovincias.es\/mariajosepou\/wp-json\/wp\/v2\/types\/post"}],"author":[{"embeddable":true,"href":"https:\/\/blogs.lasprovincias.es\/mariajosepou\/wp-json\/wp\/v2\/users\/6"}],"replies":[{"embeddable":true,"href":"https:\/\/blogs.lasprovincias.es\/mariajosepou\/wp-json\/wp\/v2\/comments?post=3933"}],"version-history":[{"count":0,"href":"https:\/\/blogs.lasprovincias.es\/mariajosepou\/wp-json\/wp\/v2\/posts\/3933\/revisions"}],"wp:attachment":[{"href":"https:\/\/blogs.lasprovincias.es\/mariajosepou\/wp-json\/wp\/v2\/media?parent=3933"}],"wp:term":[{"taxonomy":"category","embeddable":true,"href":"https:\/\/blogs.lasprovincias.es\/mariajosepou\/wp-json\/wp\/v2\/categories?post=3933"},{"taxonomy":"post_tag","embeddable":true,"href":"https:\/\/blogs.lasprovincias.es\/mariajosepou\/wp-json\/wp\/v2\/tags?post=3933"}],"curies":[{"name":"wp","href":"https:\/\/api.w.org\/{rel}","templated":true}]}}