{"id":3950,"date":"2012-03-11T10:59:05","date_gmt":"2012-03-11T10:59:05","guid":{"rendered":"http:\/\/blogs.lasprovincias.es\/mariajosepou\/?p=3950"},"modified":"2012-03-11T10:59:05","modified_gmt":"2012-03-11T10:59:05","slug":"asturias-1934-dc","status":"publish","type":"post","link":"https:\/\/blogs.lasprovincias.es\/mariajosepou\/2012\/03\/11\/asturias-1934-dc\/","title":{"rendered":"Asturias, 1934 dC"},"content":{"rendered":"<p style=\"text-align: justify;\"><a href=\"\/mariajosepou\/wp-content\/uploads\/sites\/4\/2012\/03\/51781-525-550.jpg\"><img loading=\"lazy\" class=\"alignleft size-medium wp-image-3951\" title=\"51781-525-550\" src=\"\/mariajosepou\/wp-content\/uploads\/sites\/4\/2012\/03\/51781-525-550.jpg\" alt=\"\" width=\"286\" height=\"300\" srcset=\"https:\/\/static-blogs.lasprovincias.es\/wp-content\/uploads\/sites\/4\/2012\/03\/51781-525-550.jpg 525w, https:\/\/static-blogs.lasprovincias.es\/wp-content\/uploads\/sites\/4\/2012\/03\/51781-525-550-286x300.jpg 286w\" sizes=\"(max-width: 286px) 100vw, 286px\" \/><\/a>Entre que estamos en Fallas y que hemos vivido recientemente tantos procesos electorales, reconozco que no estoy prestando demasiada atenci\u00f3n a la campa\u00f1a andaluza y asturiana.<\/p>\n<p style=\"text-align: justify;\">No lo hago, adem\u00e1s, por coherencia. A estas alturas, no me importa lo que digan uno u otro. Solo quiero ver hechos y lo que veo son, desde el gobierno, medidas dur\u00edsimas que parecen justificadas pero que, de no estarlo, son una bomba de relojer\u00eda. Y, desde la oposici\u00f3n, pataletas contra la acci\u00f3n del gobierno, posiblemente justificadas pero inoportunas si la pol\u00edtica de Rajoy es la adecuada.<\/p>\n<p style=\"text-align: justify;\">Por eso hago menos caso a los m\u00edtines que a los anuncios de bifidus activo o de eyaculaci\u00f3n precoz.<\/p>\n<p style=\"text-align: justify;\">Sin embargo, ayer o\u00ed la voz de Alfonso Guerra y despert\u00e9 de mi letargo. Creo que Whisky y yo levantamos la oreja a la vez. \u00c9l para entender por qu\u00e9 paraba justo cuando le estaba poniendo el pienso del desayuno y yo, para saber si hab\u00eda subido a una m\u00e1quina del tiempo y me hab\u00eda trasladado a muchos a\u00f1os atr\u00e1s.<\/p>\n<p style=\"text-align: justify;\">Es lo que tiene la presencia de viejas glorias, que sobre todo son viejas. Y Dios los tenga en su gloria.<\/p>\n<p style=\"text-align: justify;\">A m\u00ed, Guerra siempre me cay\u00f3 simp\u00e1tico porque era ocurrente, r\u00e1pido, inteligente y muy mordaz. Yo de mayor quer\u00eda ser Guerra cuando era el l\u00e1tigo del PSOE. Sin embargo, ya no. Ser\u00e1 porque lo encuentro anclado en unos tics del pasado que suenan al siglo XX, no al XXI.<\/p>\n<p style=\"text-align: justify;\">Eso me sucedi\u00f3 cuando le o\u00ed arengar a los participantes de un mitin en tierras de Cascos apelando a la revoluci\u00f3n de Asturias. Como sigan as\u00ed los veo rememorando el sitio de Sagunto para animar a los desencantados de Alarte. Si no lo hacen ser\u00e1 porque An\u00edbal Barca no suena a facha pero no porque no llame a luchar contra el opresor.<\/p>\n<p style=\"text-align: justify;\">No digo yo que las referencias hist\u00f3ricas no sean interesantes pero me pregunto si es razonable y \u00fatil relacionar dos \u00e9pocas tan distintas. Si su modelo es de hace un siglo, el PSOE necesita un \u201caggiornamento\u201d urgente.<\/p>\n<!-- AddThis Advanced Settings generic via filter on the_content --><!-- AddThis Share Buttons generic via filter on the_content -->","protected":false},"excerpt":{"rendered":"<p>Entre que estamos en Fallas y que hemos vivido recientemente tantos procesos electorales, reconozco que no estoy prestando demasiada atenci\u00f3n a la campa\u00f1a andaluza y asturiana. No lo hago, adem\u00e1s, por coherencia. A estas alturas, no me importa lo que digan uno u otro. Solo quiero ver hechos y lo que veo son, desde el [&hellip;]<!-- AddThis Advanced Settings generic via filter on get_the_excerpt --><!-- AddThis Share Buttons generic via filter on get_the_excerpt --><\/p>\n","protected":false},"author":6,"featured_media":0,"comment_status":"open","ping_status":"closed","sticky":false,"template":"","format":"standard","meta":[],"categories":[4],"tags":[34,54,136],"_links":{"self":[{"href":"https:\/\/blogs.lasprovincias.es\/mariajosepou\/wp-json\/wp\/v2\/posts\/3950"}],"collection":[{"href":"https:\/\/blogs.lasprovincias.es\/mariajosepou\/wp-json\/wp\/v2\/posts"}],"about":[{"href":"https:\/\/blogs.lasprovincias.es\/mariajosepou\/wp-json\/wp\/v2\/types\/post"}],"author":[{"embeddable":true,"href":"https:\/\/blogs.lasprovincias.es\/mariajosepou\/wp-json\/wp\/v2\/users\/6"}],"replies":[{"embeddable":true,"href":"https:\/\/blogs.lasprovincias.es\/mariajosepou\/wp-json\/wp\/v2\/comments?post=3950"}],"version-history":[{"count":0,"href":"https:\/\/blogs.lasprovincias.es\/mariajosepou\/wp-json\/wp\/v2\/posts\/3950\/revisions"}],"wp:attachment":[{"href":"https:\/\/blogs.lasprovincias.es\/mariajosepou\/wp-json\/wp\/v2\/media?parent=3950"}],"wp:term":[{"taxonomy":"category","embeddable":true,"href":"https:\/\/blogs.lasprovincias.es\/mariajosepou\/wp-json\/wp\/v2\/categories?post=3950"},{"taxonomy":"post_tag","embeddable":true,"href":"https:\/\/blogs.lasprovincias.es\/mariajosepou\/wp-json\/wp\/v2\/tags?post=3950"}],"curies":[{"name":"wp","href":"https:\/\/api.w.org\/{rel}","templated":true}]}}