{"id":396,"date":"2010-07-26T07:23:05","date_gmt":"2010-07-26T07:23:05","guid":{"rendered":"http:\/\/firmas.lasprovincias.es\/mariajosepou\/?p=396"},"modified":"2010-07-26T07:23:05","modified_gmt":"2010-07-26T07:23:05","slug":"la-barbie-comandante","status":"publish","type":"post","link":"https:\/\/blogs.lasprovincias.es\/mariajosepou\/2010\/07\/26\/la-barbie-comandante\/","title":{"rendered":"La Barbie Comandante"},"content":{"rendered":"<p style=\"text-align: justify\"><a href=\"\/mariajosepou\/wp-content\/uploads\/sites\/4\/2010\/07\/Fidel-Castro1.jpg\"><img loading=\"lazy\" class=\"alignleft size-thumbnail wp-image-397\" src=\"\/mariajosepou\/wp-content\/uploads\/sites\/4\/2010\/07\/Fidel-Castro1.jpg\" alt=\"\" width=\"150\" height=\"150\" \/><\/a>Me alegro de no pertenecer a ninguna organizaci\u00f3n que requiera portar camisas de alg\u00fan color concreto. Las camisas uniformadas no traen nada bueno cuando el color adquiere un significado: ni las azules del franquismo, ni las negras de los fascistas italianos ni las pardas de los hitlerianos.<\/p>\n<p style=\"text-align: justify\">La invitaci\u00f3n a un color en la camisa rara vez es signo de libertad y sus heridas quedan no solo en el ropero sino tambi\u00e9n en las almas. No hay m\u00e1s que recordar los problemas que tuvo Juanes en Italia por cantarle a la &#8216;camisa negra&#8217; haciendo resucitar los viejos fantasmas de Mussolini y sus secuaces.<\/p>\n<p style=\"text-align: justify\">Solo se salvan, en nuestro contexto, las de colores vivos o claros como las blancas de mi esperanza, que loara Blas de Otero y, si me apuran, las rojas que a lo largo de la historia han tra\u00eddo aires de cambio cuando era necesario: desde los garibaldinos hasta la oposici\u00f3n tailandesa que exig\u00eda la vuelta del presidente depuesto, Shinawatra.<\/p>\n<p style=\"text-align: justify\">Pero en estas horas de aniversario castrista hay una que ha ganado protagonismo hasta convertirse en noticia por s\u00ed misma: la camisa verde oliva con la que han mostrado al dictador cubano para celebrar el triunfo de la revoluci\u00f3n. De la revoluci\u00f3n o de la guayaba que mantiene viva a la momia caribe\u00f1a, lo mismo da. El r\u00e9gimen se ha encargado de ofrecer a todo el mundo no ya la imagen de Castro vestido de militar para conmemorar la toma del cuartel de Moncada sino el pie de foto que pone el acento en la camisa. Y eso es lo que me ha dado malas vibraciones.<\/p>\n<p style=\"text-align: justify\">Entiendo que es noticia el cambio de vestuario en Fidel porque ni es la Barbie-Comandante ni se aproxima al Ken de Toy Story, metrosexual y aficionado a los showroom. Ahora bien, \u00bfpor qu\u00e9 cedemos todos a la informaci\u00f3n oficial que destaca el nuevo (viejo) modelito?<\/p>\n<p style=\"text-align: justify\">La recuperaci\u00f3n del &#8216;look Comandante&#8217; no es gratuita. Pretende indicar a sus seguidores que sigue vivo y activo, que la Revoluci\u00f3n contin\u00faa y que nada ha cambiado. Aunque no sea cierto. Esperemos que no tarde en mutar del verde revoluci\u00f3n al verde esperanza.<\/p>\n<!-- AddThis Advanced Settings generic via filter on the_content --><!-- AddThis Share Buttons generic via filter on the_content -->","protected":false},"excerpt":{"rendered":"<p>Me alegro de no pertenecer a ninguna organizaci\u00f3n que requiera portar camisas de alg\u00fan color concreto. Las camisas uniformadas no traen nada bueno cuando el color adquiere un significado: ni las azules del franquismo, ni las negras de los fascistas italianos ni las pardas de los hitlerianos. La invitaci\u00f3n a un color en la camisa [&hellip;]<!-- AddThis Advanced Settings generic via filter on get_the_excerpt --><!-- AddThis Share Buttons generic via filter on get_the_excerpt --><\/p>\n","protected":false},"author":6,"featured_media":0,"comment_status":"open","ping_status":"closed","sticky":false,"template":"","format":"standard","meta":[],"categories":[4],"tags":[134],"_links":{"self":[{"href":"https:\/\/blogs.lasprovincias.es\/mariajosepou\/wp-json\/wp\/v2\/posts\/396"}],"collection":[{"href":"https:\/\/blogs.lasprovincias.es\/mariajosepou\/wp-json\/wp\/v2\/posts"}],"about":[{"href":"https:\/\/blogs.lasprovincias.es\/mariajosepou\/wp-json\/wp\/v2\/types\/post"}],"author":[{"embeddable":true,"href":"https:\/\/blogs.lasprovincias.es\/mariajosepou\/wp-json\/wp\/v2\/users\/6"}],"replies":[{"embeddable":true,"href":"https:\/\/blogs.lasprovincias.es\/mariajosepou\/wp-json\/wp\/v2\/comments?post=396"}],"version-history":[{"count":0,"href":"https:\/\/blogs.lasprovincias.es\/mariajosepou\/wp-json\/wp\/v2\/posts\/396\/revisions"}],"wp:attachment":[{"href":"https:\/\/blogs.lasprovincias.es\/mariajosepou\/wp-json\/wp\/v2\/media?parent=396"}],"wp:term":[{"taxonomy":"category","embeddable":true,"href":"https:\/\/blogs.lasprovincias.es\/mariajosepou\/wp-json\/wp\/v2\/categories?post=396"},{"taxonomy":"post_tag","embeddable":true,"href":"https:\/\/blogs.lasprovincias.es\/mariajosepou\/wp-json\/wp\/v2\/tags?post=396"}],"curies":[{"name":"wp","href":"https:\/\/api.w.org\/{rel}","templated":true}]}}