{"id":3973,"date":"2012-03-18T08:27:08","date_gmt":"2012-03-18T08:27:08","guid":{"rendered":"http:\/\/blogs.lasprovincias.es\/mariajosepou\/?p=3973"},"modified":"2012-03-18T08:27:08","modified_gmt":"2012-03-18T08:27:08","slug":"tres-meses","status":"publish","type":"post","link":"https:\/\/blogs.lasprovincias.es\/mariajosepou\/2012\/03\/18\/tres-meses\/","title":{"rendered":"Tres meses"},"content":{"rendered":"<p style=\"text-align: justify;\"><a href=\"\/mariajosepou\/wp-content\/uploads\/sites\/4\/2012\/03\/resizer.php_.jpeg\"><img loading=\"lazy\" class=\"alignleft size-medium wp-image-3974\" title=\"resizer.php\" src=\"\/mariajosepou\/wp-content\/uploads\/sites\/4\/2012\/03\/resizer.php_.jpg\" alt=\"\" width=\"300\" height=\"240\" \/><\/a>Cualquier profesor ha escuchado alguna vez eso de \u201c\u00a1pero si los profesores ten\u00e9is tres meses de vacaciones!\u201d, aunque no sea cierto. A m\u00ed me lo han dicho mil veces, con la consiguiente coletilla \u201c\u00a1a\u00fan te quejar\u00e1s!\u201d. Y no, no me quejo. No lo hago respecto a las vacaciones envidiables de un profesor, esto es, quince d\u00edas en Navidad y otros quince, en Pascua. Del resto, mejor puntualizar. Sobre todo a tenor de las modificaciones propuestas por el Consell.<\/p>\n<p style=\"text-align: justify;\">Lo de los tres meses es un mito que nunca existi\u00f3. Es cierto que, cuando una servidora llevaba coletas y uniforme, el verano empezaba el 20 de junio y acababa el 15 de septiembre. Unos tres meses, efectivamente. Pero de vacaciones escolares para alumnos, no para los profesores.<\/p>\n<p style=\"text-align: justify;\">Ahora, ni siquiera eso y desde luego no para el docente. El trabajo del profesor, a diferencia de otros, se prolonga en el presunto tiempo de descanso, vacaciones, fines de semana y fiestas de guardar. Quiz\u00e1s se puede llegar a la oficina sin haber revisado un papel en todo el fin de semana pero no a una clase. No, al menos, si se pretende dar una buena clase.<\/p>\n<p style=\"text-align: justify;\">El profesor tiene que estudiar, preparar ejercicios y ex\u00e1menes, corregirlos, organizar materiales, elaborar informes de evaluaci\u00f3n, revisar los libros que van a manejar los alumnos, poner en com\u00fan con otros profesores, coordinar actividades. En una palabra, una hora de clase son muchas de trabajo para preparar y para revisar.<\/p>\n<p style=\"text-align: justify;\">Algunas de esas horas se contemplan en su jornada pero muy pocas. Eso incluye el mes de julio, aparentemente ocioso, pero no. Y no porque es el \u00fanico en el que tanto el profesor como el centro tienen tiempo para analizar qu\u00e9 ha ido bien o mal durante el curso y para encarar el siguiente. A veces, de hecho, puede ser m\u00e1s estresante que otros meses. Al menos, quienes tenemos alergia a la burocracia lo vivimos as\u00ed. Y eso, la verdad es que est\u00e1 muy lejos de ser unas vacaciones.<\/p>\n<!-- AddThis Advanced Settings generic via filter on the_content --><!-- AddThis Share Buttons generic via filter on the_content -->","protected":false},"excerpt":{"rendered":"<p>Cualquier profesor ha escuchado alguna vez eso de \u201c\u00a1pero si los profesores ten\u00e9is tres meses de vacaciones!\u201d, aunque no sea cierto. A m\u00ed me lo han dicho mil veces, con la consiguiente coletilla \u201c\u00a1a\u00fan te quejar\u00e1s!\u201d. Y no, no me quejo. No lo hago respecto a las vacaciones envidiables de un profesor, esto es, quince [&hellip;]<!-- AddThis Advanced Settings generic via filter on get_the_excerpt --><!-- AddThis Share Buttons generic via filter on get_the_excerpt --><\/p>\n","protected":false},"author":6,"featured_media":0,"comment_status":"open","ping_status":"closed","sticky":false,"template":"","format":"standard","meta":[],"categories":[4],"tags":[54,66,171],"_links":{"self":[{"href":"https:\/\/blogs.lasprovincias.es\/mariajosepou\/wp-json\/wp\/v2\/posts\/3973"}],"collection":[{"href":"https:\/\/blogs.lasprovincias.es\/mariajosepou\/wp-json\/wp\/v2\/posts"}],"about":[{"href":"https:\/\/blogs.lasprovincias.es\/mariajosepou\/wp-json\/wp\/v2\/types\/post"}],"author":[{"embeddable":true,"href":"https:\/\/blogs.lasprovincias.es\/mariajosepou\/wp-json\/wp\/v2\/users\/6"}],"replies":[{"embeddable":true,"href":"https:\/\/blogs.lasprovincias.es\/mariajosepou\/wp-json\/wp\/v2\/comments?post=3973"}],"version-history":[{"count":0,"href":"https:\/\/blogs.lasprovincias.es\/mariajosepou\/wp-json\/wp\/v2\/posts\/3973\/revisions"}],"wp:attachment":[{"href":"https:\/\/blogs.lasprovincias.es\/mariajosepou\/wp-json\/wp\/v2\/media?parent=3973"}],"wp:term":[{"taxonomy":"category","embeddable":true,"href":"https:\/\/blogs.lasprovincias.es\/mariajosepou\/wp-json\/wp\/v2\/categories?post=3973"},{"taxonomy":"post_tag","embeddable":true,"href":"https:\/\/blogs.lasprovincias.es\/mariajosepou\/wp-json\/wp\/v2\/tags?post=3973"}],"curies":[{"name":"wp","href":"https:\/\/api.w.org\/{rel}","templated":true}]}}