{"id":399,"date":"2010-07-27T05:14:39","date_gmt":"2010-07-27T05:14:39","guid":{"rendered":"http:\/\/firmas.lasprovincias.es\/mariajosepou\/?p=399"},"modified":"2010-07-27T05:14:39","modified_gmt":"2010-07-27T05:14:39","slug":"el-encendido-de-la-campus","status":"publish","type":"post","link":"https:\/\/blogs.lasprovincias.es\/mariajosepou\/2010\/07\/27\/el-encendido-de-la-campus\/","title":{"rendered":"El encendido de la Campus"},"content":{"rendered":"<p style=\"text-align: justify\"><a href=\"\/mariajosepou\/wp-content\/uploads\/sites\/4\/2010\/07\/campus-encendido.jpg\"><img loading=\"lazy\" class=\"alignleft size-medium wp-image-400\" src=\"\/mariajosepou\/wp-content\/uploads\/sites\/4\/2010\/07\/campus-encendido.jpg\" alt=\"\" width=\"300\" height=\"138\" \/><\/a>Cre\u00eda que &#8216;encendido&#8217; no hab\u00eda m\u00e1s que uno, el de la Feria de Abril. Sin embargo, desde que las calles de Cuba, Puerto Rico o Sueca montan en Valencia aut\u00e9nticos monumentos falleros de luz, s\u00e9 que &#8216;encendido&#8217; hay en la capital del Turia las principales noches de marzo entre los chaflanes m\u00e1s emblem\u00e1ticos de Russafa. Yo misma qued\u00e9 encantada este a\u00f1o vi\u00e9ndolo. Tanto, que luego las luces no me impresionaron demasiado.<\/p>\n<p style=\"text-align: justify\">Por eso no me extra\u00f1\u00f3 leer que la Campus Party iba a tener su &#8216;encendido&#8217;. En este caso no se trata de luz sino de red, de potencia de descarga y de conexi\u00f3n entre ordenadores. Anoche fue como si comenzara la Feria en el Real. Puro homenaje a Edison, Ampere o Volta.<\/p>\n<p style=\"text-align: justify\">As\u00ed pues empez\u00f3 la Campus y me volvieron a surgir algunas dudas respecto al modo que tenemos los de la prensa de contarlo. Cada a\u00f1o presentamos el evento exaltando sus cifras: de participantes, de horas de conexi\u00f3n pero sobre todo de capacidad. Es verdad que resulta deslumbrante pero esa magnificencia contrasta con la precariedad en la que se mueven muchos usuarios y desvirt\u00faa la percepci\u00f3n de la realidad. No es esa potencia la real sino la excepci\u00f3n de unos d\u00edas y un espacio privilegiados.<\/p>\n<p style=\"text-align: justify\">Adem\u00e1s, ma\u00f1ana o en un par de d\u00edas, la imagen de la Campus ser\u00e1 cualquier &#8216;campusero&#8217; dormido sobre su propio ordenador. Con ella simbolizaremos que muchos apuran al m\u00e1ximo su participaci\u00f3n renunciando a dormir o a descansar con tal de estar conectados. En un mundo en el que ya las adicciones est\u00e1n haciendo mella en los j\u00f3venes parece tan irresponsable como presentar de forma positiva el exceso de alcohol en un fin de semana.<\/p>\n<p style=\"text-align: justify\">Por \u00faltimo, una y otra vez alertan los expertos sobre los riesgos de una mala postura ante el ordenador y ya hay patolog\u00edas serias el respecto, en cambio los &#8216;campuseros&#8217; se pasan muchas horas sentados en una silla de pl\u00e1stico absolutamente nefasta para la espalda.<\/p>\n<p style=\"text-align: justify\">Se me dir\u00e1 que solo son unos d\u00edas pero aqu\u00ed lo que cuenta es el efecto pedag\u00f3gico de la Campus, sobre todo, cuando quiere impulsar lo formativo, como este a\u00f1o.<\/p>\n<!-- AddThis Advanced Settings generic via filter on the_content --><!-- AddThis Share Buttons generic via filter on the_content -->","protected":false},"excerpt":{"rendered":"<p>Cre\u00eda que &#8216;encendido&#8217; no hab\u00eda m\u00e1s que uno, el de la Feria de Abril. Sin embargo, desde que las calles de Cuba, Puerto Rico o Sueca montan en Valencia aut\u00e9nticos monumentos falleros de luz, s\u00e9 que &#8216;encendido&#8217; hay en la capital del Turia las principales noches de marzo entre los chaflanes m\u00e1s emblem\u00e1ticos de Russafa. [&hellip;]<!-- AddThis Advanced Settings generic via filter on get_the_excerpt --><!-- AddThis Share Buttons generic via filter on get_the_excerpt --><\/p>\n","protected":false},"author":6,"featured_media":0,"comment_status":"open","ping_status":"closed","sticky":false,"template":"","format":"standard","meta":[],"categories":[4],"tags":[166],"_links":{"self":[{"href":"https:\/\/blogs.lasprovincias.es\/mariajosepou\/wp-json\/wp\/v2\/posts\/399"}],"collection":[{"href":"https:\/\/blogs.lasprovincias.es\/mariajosepou\/wp-json\/wp\/v2\/posts"}],"about":[{"href":"https:\/\/blogs.lasprovincias.es\/mariajosepou\/wp-json\/wp\/v2\/types\/post"}],"author":[{"embeddable":true,"href":"https:\/\/blogs.lasprovincias.es\/mariajosepou\/wp-json\/wp\/v2\/users\/6"}],"replies":[{"embeddable":true,"href":"https:\/\/blogs.lasprovincias.es\/mariajosepou\/wp-json\/wp\/v2\/comments?post=399"}],"version-history":[{"count":0,"href":"https:\/\/blogs.lasprovincias.es\/mariajosepou\/wp-json\/wp\/v2\/posts\/399\/revisions"}],"wp:attachment":[{"href":"https:\/\/blogs.lasprovincias.es\/mariajosepou\/wp-json\/wp\/v2\/media?parent=399"}],"wp:term":[{"taxonomy":"category","embeddable":true,"href":"https:\/\/blogs.lasprovincias.es\/mariajosepou\/wp-json\/wp\/v2\/categories?post=399"},{"taxonomy":"post_tag","embeddable":true,"href":"https:\/\/blogs.lasprovincias.es\/mariajosepou\/wp-json\/wp\/v2\/tags?post=399"}],"curies":[{"name":"wp","href":"https:\/\/api.w.org\/{rel}","templated":true}]}}