{"id":403,"date":"2010-07-28T04:39:43","date_gmt":"2010-07-28T04:39:43","guid":{"rendered":"http:\/\/firmas.lasprovincias.es\/mariajosepou\/?p=403"},"modified":"2010-07-28T04:39:43","modified_gmt":"2010-07-28T04:39:43","slug":"una-pica-mas-o-menos","status":"publish","type":"post","link":"https:\/\/blogs.lasprovincias.es\/mariajosepou\/2010\/07\/28\/una-pica-mas-o-menos\/","title":{"rendered":"Una pica m\u00e1s o menos"},"content":{"rendered":"<p style=\"text-align: justify\"><a href=\"\/mariajosepou\/wp-content\/uploads\/sites\/4\/2010\/07\/34684_404740451684_72181181684_4950397_5249795_n1.jpg\"><img loading=\"lazy\" class=\"alignleft size-medium wp-image-404\" src=\"\/mariajosepou\/wp-content\/uploads\/sites\/4\/2010\/07\/34684_404740451684_72181181684_4950397_5249795_n1.jpg\" alt=\"\" width=\"300\" height=\"200\" srcset=\"https:\/\/static-blogs.lasprovincias.es\/wp-content\/uploads\/sites\/4\/2010\/07\/34684_404740451684_72181181684_4950397_5249795_n1.jpg 720w, https:\/\/static-blogs.lasprovincias.es\/wp-content\/uploads\/sites\/4\/2010\/07\/34684_404740451684_72181181684_4950397_5249795_n1-300x200.jpg 300w\" sizes=\"(max-width: 300px) 100vw, 300px\" \/><\/a>He de reconocer que si hoy el Parlament de Catalunya proh\u00edbe los toros, me alegrar\u00e9. Por ellos. Pero no ser\u00e1 un triunfo festivo m\u00e1s all\u00e1 de lo que significa poner una pica en Flandes contra el da\u00f1o gratuito a un animal. Las picas siempre es mejor que se claven en Flandes antes que en el lomo de un toro.<\/p>\n<p style=\"text-align: justify\">No hay motivo de fiesta cuando la reivindicaci\u00f3n antitaurina ha sido empleada con otras finalidades que no deber\u00edan enturbiar los debates sobre los l\u00edmites del comportamiento colectivo y su adaptaci\u00f3n a los valores que compartimos en una sociedad.<\/p>\n<p style=\"text-align: justify\">El factor pol\u00edtico ha emponzo\u00f1ado, como suele, un debate conveniente de por s\u00ed, aquel que plantea si una tradici\u00f3n cruel repetida, aun con toda la carga art\u00edstica que tiene, puede mantenerse con la sola raz\u00f3n de que siempre se hizo as\u00ed.<\/p>\n<p style=\"text-align: justify\">Esa discusi\u00f3n deber\u00eda plantearse en la sociedad espa\u00f1ola sin acritud, sin propuestas excluyentes y sin aprovechamiento pol\u00edtico interesado. No ha sido as\u00ed. Es cierto que una prohibici\u00f3n, siendo siempre preocupante por lo que tiene de limitaci\u00f3n por la fuerza y no de invitaci\u00f3n a la transformaci\u00f3n social, ayudar\u00eda a ver esta Fiesta de otro modo, a cuestionar algo que puede ser cuestionado. No quiere decir que unos u otros tengan la raz\u00f3n de antemano sino que toda actividad humana es susceptible de revisi\u00f3n sin que por ello nos rasguemos las vestiduras.<\/p>\n<p style=\"text-align: justify\">Eso es lo bueno que podr\u00eda haber conseguido la propuesta en Catalunya. El problema es que se haya interpretado como un muestra p\u00fablica de rechazo a Espa\u00f1a cuando acabamos de ver que la realidad social no es exactamente igual a la que nos pintan sus pol\u00edticos.<\/p>\n<p style=\"text-align: justify\">As\u00ed se explica la libertad de voto del PSC que habitualmente no tienen sus parlamentarios, aun cuando tocan las opciones vitales y morales de cada cual. Esa libertad que no vemos cuando se trata de aprobar los transg\u00e9nicos, el aborto, el matrimonio entre personas del mismo sexo o la prohibici\u00f3n de fumar. Que aqu\u00ed se haya permitido no es un avance. Es solo una trampa para quienes han de votar. Sobre todo, cuando se juegan tanto en las elecciones catalanas pr\u00f3ximas.<\/p>\n<!-- AddThis Advanced Settings generic via filter on the_content --><!-- AddThis Share Buttons generic via filter on the_content -->","protected":false},"excerpt":{"rendered":"<p>He de reconocer que si hoy el Parlament de Catalunya proh\u00edbe los toros, me alegrar\u00e9. Por ellos. Pero no ser\u00e1 un triunfo festivo m\u00e1s all\u00e1 de lo que significa poner una pica en Flandes contra el da\u00f1o gratuito a un animal. Las picas siempre es mejor que se claven en Flandes antes que en el [&hellip;]<!-- AddThis Advanced Settings generic via filter on get_the_excerpt --><!-- AddThis Share Buttons generic via filter on get_the_excerpt --><\/p>\n","protected":false},"author":6,"featured_media":0,"comment_status":"open","ping_status":"closed","sticky":false,"template":"","format":"standard","meta":[],"categories":[4],"tags":[58,136,170],"_links":{"self":[{"href":"https:\/\/blogs.lasprovincias.es\/mariajosepou\/wp-json\/wp\/v2\/posts\/403"}],"collection":[{"href":"https:\/\/blogs.lasprovincias.es\/mariajosepou\/wp-json\/wp\/v2\/posts"}],"about":[{"href":"https:\/\/blogs.lasprovincias.es\/mariajosepou\/wp-json\/wp\/v2\/types\/post"}],"author":[{"embeddable":true,"href":"https:\/\/blogs.lasprovincias.es\/mariajosepou\/wp-json\/wp\/v2\/users\/6"}],"replies":[{"embeddable":true,"href":"https:\/\/blogs.lasprovincias.es\/mariajosepou\/wp-json\/wp\/v2\/comments?post=403"}],"version-history":[{"count":0,"href":"https:\/\/blogs.lasprovincias.es\/mariajosepou\/wp-json\/wp\/v2\/posts\/403\/revisions"}],"wp:attachment":[{"href":"https:\/\/blogs.lasprovincias.es\/mariajosepou\/wp-json\/wp\/v2\/media?parent=403"}],"wp:term":[{"taxonomy":"category","embeddable":true,"href":"https:\/\/blogs.lasprovincias.es\/mariajosepou\/wp-json\/wp\/v2\/categories?post=403"},{"taxonomy":"post_tag","embeddable":true,"href":"https:\/\/blogs.lasprovincias.es\/mariajosepou\/wp-json\/wp\/v2\/tags?post=403"}],"curies":[{"name":"wp","href":"https:\/\/api.w.org\/{rel}","templated":true}]}}