{"id":406,"date":"2010-07-29T07:03:07","date_gmt":"2010-07-29T07:03:07","guid":{"rendered":"http:\/\/firmas.lasprovincias.es\/mariajosepou\/?p=406"},"modified":"2010-07-29T07:03:07","modified_gmt":"2010-07-29T07:03:07","slug":"va-por-ustedes","status":"publish","type":"post","link":"https:\/\/blogs.lasprovincias.es\/mariajosepou\/2010\/07\/29\/va-por-ustedes\/","title":{"rendered":"Va por ustedes"},"content":{"rendered":"<p style=\"text-align: justify\"><a href=\"\/mariajosepou\/wp-content\/uploads\/sites\/4\/2010\/07\/1280320997572aplauso1.jpg\"><img loading=\"lazy\" class=\"alignleft size-medium wp-image-407\" src=\"\/mariajosepou\/wp-content\/uploads\/sites\/4\/2010\/07\/1280320997572aplauso1.jpg\" alt=\"\" width=\"300\" height=\"140\" \/><\/a>Cada vez que veo en un Parlamento a un grupo de ciudadanos aplaudir exultantes la aprobaci\u00f3n de una ley, me preocupo. Normalmente ese gesto responde a una victoria sobre otros, no a un triunfo sobre una versi\u00f3n inadecuada de nosotros mismos.<\/p>\n<p style=\"text-align: justify\">El problema no es la aprobaci\u00f3n de una ley y su discrepancia sino la arrogancia moral con la que algunos miran a quien ha perdido la votaci\u00f3n, aunque su resultado haya sido ajustado. Esa actitud se acrecienta por la presencia de p\u00fablico que avala con su aplauso al pol\u00edtico.<\/p>\n<p style=\"text-align: justify\">Quisiera ver esa reacci\u00f3n cuando el Parlamento aprueba los Presupuestos Generales del Estado, cuando convalida un convenio internacional o cuando env\u00eda tropas para ayudar a los afganos. Sin embargo, no es frecuente que entonces haya representaci\u00f3n ciudadana porque no vende y porque no hay organizaciones detr\u00e1s de una toma de posici\u00f3n dif\u00edcil e impopular como el env\u00edo de tropas a luchar contra el terrorismo en las monta\u00f1as afganas.<\/p>\n<p style=\"text-align: justify\">En cambio, cuando vemos p\u00fablico, por lo general, se trata de leyes o decisiones con impacto medi\u00e1tico, que venden, que quedan bien, que requieren su cuota de espect\u00e1culo audiovisual emotivo y un tanto folk.<\/p>\n<p style=\"text-align: justify\">Pas\u00f3 en Espa\u00f1a con la aprobaci\u00f3n del matrimonio entre personas del mismo sexo, en Argentina hace unos d\u00edas por la misma raz\u00f3n o ayer en Barcelona con motivo de la prohibici\u00f3n de las corridas de toros.<\/p>\n<p style=\"text-align: justify\">En este \u00faltimo caso, adem\u00e1s, el gesto de los pol\u00edticos en el hemiciclo volvi\u00e9ndose a los antitaurinos que estaban en el tendido de sombra parec\u00eda un brindis torero. Era la muestra de la hipocres\u00eda: \u00bfqu\u00e9 grupo llevaba esta decisi\u00f3n en su programa electoral? \u00bfQui\u00e9nes lo han impulsado en su actividad pol\u00edtica? Ha sido un \u00abme alegra que me haga esa propuesta\u00bb justo a tiempo.<\/p>\n<p style=\"text-align: justify\">\u00bfSe hubieran vuelto si los antitaurinos hubieran sacado una pancarta para pedir \u00abi ara els correbous i els bous al carrer\u00bb? \u00a1Qu\u00e9 compromiso! Hubiera sido coherente, como coherente es que en esta columna despu\u00e9s de declarar mi alegr\u00eda por la eliminaci\u00f3n de las corridas en Catalunya pida que los antitaurinos de all\u00ed reclamen lo mismo para toda fiesta con animales. Aunque sea puramente catalana.<\/p>\n<!-- AddThis Advanced Settings generic via filter on the_content --><!-- AddThis Share Buttons generic via filter on the_content -->","protected":false},"excerpt":{"rendered":"<p>Cada vez que veo en un Parlamento a un grupo de ciudadanos aplaudir exultantes la aprobaci\u00f3n de una ley, me preocupo. Normalmente ese gesto responde a una victoria sobre otros, no a un triunfo sobre una versi\u00f3n inadecuada de nosotros mismos. El problema no es la aprobaci\u00f3n de una ley y su discrepancia sino la [&hellip;]<!-- AddThis Advanced Settings generic via filter on get_the_excerpt --><!-- AddThis Share Buttons generic via filter on get_the_excerpt --><\/p>\n","protected":false},"author":6,"featured_media":0,"comment_status":"open","ping_status":"closed","sticky":false,"template":"","format":"standard","meta":[],"categories":[4],"tags":[136,170],"_links":{"self":[{"href":"https:\/\/blogs.lasprovincias.es\/mariajosepou\/wp-json\/wp\/v2\/posts\/406"}],"collection":[{"href":"https:\/\/blogs.lasprovincias.es\/mariajosepou\/wp-json\/wp\/v2\/posts"}],"about":[{"href":"https:\/\/blogs.lasprovincias.es\/mariajosepou\/wp-json\/wp\/v2\/types\/post"}],"author":[{"embeddable":true,"href":"https:\/\/blogs.lasprovincias.es\/mariajosepou\/wp-json\/wp\/v2\/users\/6"}],"replies":[{"embeddable":true,"href":"https:\/\/blogs.lasprovincias.es\/mariajosepou\/wp-json\/wp\/v2\/comments?post=406"}],"version-history":[{"count":0,"href":"https:\/\/blogs.lasprovincias.es\/mariajosepou\/wp-json\/wp\/v2\/posts\/406\/revisions"}],"wp:attachment":[{"href":"https:\/\/blogs.lasprovincias.es\/mariajosepou\/wp-json\/wp\/v2\/media?parent=406"}],"wp:term":[{"taxonomy":"category","embeddable":true,"href":"https:\/\/blogs.lasprovincias.es\/mariajosepou\/wp-json\/wp\/v2\/categories?post=406"},{"taxonomy":"post_tag","embeddable":true,"href":"https:\/\/blogs.lasprovincias.es\/mariajosepou\/wp-json\/wp\/v2\/tags?post=406"}],"curies":[{"name":"wp","href":"https:\/\/api.w.org\/{rel}","templated":true}]}}