{"id":409,"date":"2010-07-30T05:39:35","date_gmt":"2010-07-30T05:39:35","guid":{"rendered":"http:\/\/firmas.lasprovincias.es\/mariajosepou\/?p=409"},"modified":"2010-07-30T05:39:35","modified_gmt":"2010-07-30T05:39:35","slug":"el-muslamen-del-tio-victor","status":"publish","type":"post","link":"https:\/\/blogs.lasprovincias.es\/mariajosepou\/2010\/07\/30\/el-muslamen-del-tio-victor\/","title":{"rendered":"El muslamen del t\u00edo V\u00edctor"},"content":{"rendered":"<p style=\"text-align: justify\"><a href=\"\/mariajosepou\/wp-content\/uploads\/sites\/4\/2010\/07\/20070417klplyllec_12.Ies_.SCO_1.jpg\"><img loading=\"lazy\" class=\"alignleft size-medium wp-image-410\" src=\"\/mariajosepou\/wp-content\/uploads\/sites\/4\/2010\/07\/20070417klplyllec_12.Ies_.SCO_.jpg\" alt=\"\" width=\"300\" height=\"238\" srcset=\"https:\/\/static-blogs.lasprovincias.es\/wp-content\/uploads\/sites\/4\/2010\/07\/20070417klplyllec_12.Ies_.SCO_.jpg 555w, https:\/\/static-blogs.lasprovincias.es\/wp-content\/uploads\/sites\/4\/2010\/07\/20070417klplyllec_12.Ies_.SCO_-300x239.jpg 300w\" sizes=\"(max-width: 300px) 100vw, 300px\" \/><\/a>Desde hace alg\u00fan tiempo, siento una reticente y contenida adhesi\u00f3n a la Academia. A la Academia en general y a la Real Academia Espa\u00f1ola, en particular.<\/p>\n<p style=\"text-align: justify\">La Academia entendida como la Universidad me decepciona cada d\u00eda m\u00e1s pues ha sustituido la excelencia por la burocracia y la creatividad por el seguidismo acr\u00edtico. La Real Academia, en cambio, me desconcierta con sus decisiones sobre la gram\u00e1tica y, en especial, sobre el l\u00e9xico.<\/p>\n<p style=\"text-align: justify\">No ser\u00e9 yo quien niegue el uso de palabras coloquiales, chascarrillos o derivaciones chuscas de t\u00e9rminos comunes. De hecho, los uso con cierta frecuencia en esta columna para no ceder a mis tentaciones de cultureta y a mi vanidad literaria. En una palabra, para no ser m\u00e1s pedante que de costumbre.<\/p>\n<p style=\"text-align: justify\">Creo que mi desafecci\u00f3n empez\u00f3 con Garc\u00eda de la Concha no s\u00e9 si porque yo era muy de L\u00e1zaro Carreter; porque siempre he visto a la RAE tras la solemnidad de la norma o por la edad, que nos va haciendo resistentes al cambio. El caso es que algunas de las palabras que est\u00e1 aceptando no acaban de convencerme. Entiendo que la Real Academia debe ir analizando c\u00f3mo usamos el espa\u00f1ol y reconocerlo y aceptarlo, de lo contrario, los acad\u00e9micos quedar\u00edan encerrados en su sede madrile\u00f1a, con las cortinas echadas y llen\u00e1ndose del polvo centenario. O sea, alejados de la realidad exterior.<\/p>\n<p style=\"text-align: justify\">Por eso comprendo que incluyan en la pr\u00f3xima edici\u00f3n del diccionario palabras como &#8220;anticrisis&#8221; o dos que yo misma he usado m\u00e1s arriba y que hace unos a\u00f1os no hubiera podido escribir alegremente sin cometer un error: &#8216;seguidismo&#8217; y &#8216;cultureta&#8217;.<\/p>\n<p style=\"text-align: justify\">Sin embargo, hay otras que no me gustan en sus p\u00e1ginas. No las veo en un diccionario de espa\u00f1ol correcto por mucho que sean de uso com\u00fan. Por ejemplo &#8216;muslamen&#8217;, para referirse a los muslos femeninos o &#8216;meloncete&#8217; para hablar del tarambana de toda la vida. La misma palabra &#8216;cultureta&#8217; es una licencia innecesaria en el diccionario acad\u00e9mico. Se refiere al &#8216;pedante&#8217; de toda la vida pero m\u00e1s cheli.<\/p>\n<p style=\"text-align: justify\">En definitiva, me da la sensaci\u00f3n de que se pasan de frenada. Despu\u00e9s de d\u00e9cadas de no llegar, ahora parecen querer compensar excedi\u00e9ndose.<\/p>\n<!-- AddThis Advanced Settings generic via filter on the_content --><!-- AddThis Share Buttons generic via filter on the_content -->","protected":false},"excerpt":{"rendered":"<p>Desde hace alg\u00fan tiempo, siento una reticente y contenida adhesi\u00f3n a la Academia. A la Academia en general y a la Real Academia Espa\u00f1ola, en particular. La Academia entendida como la Universidad me decepciona cada d\u00eda m\u00e1s pues ha sustituido la excelencia por la burocracia y la creatividad por el seguidismo acr\u00edtico. La Real Academia, [&hellip;]<!-- AddThis Advanced Settings generic via filter on get_the_excerpt --><!-- AddThis Share Buttons generic via filter on get_the_excerpt --><\/p>\n","protected":false},"author":6,"featured_media":0,"comment_status":"open","ping_status":"closed","sticky":false,"template":"","format":"standard","meta":[],"categories":[4],"tags":[71],"_links":{"self":[{"href":"https:\/\/blogs.lasprovincias.es\/mariajosepou\/wp-json\/wp\/v2\/posts\/409"}],"collection":[{"href":"https:\/\/blogs.lasprovincias.es\/mariajosepou\/wp-json\/wp\/v2\/posts"}],"about":[{"href":"https:\/\/blogs.lasprovincias.es\/mariajosepou\/wp-json\/wp\/v2\/types\/post"}],"author":[{"embeddable":true,"href":"https:\/\/blogs.lasprovincias.es\/mariajosepou\/wp-json\/wp\/v2\/users\/6"}],"replies":[{"embeddable":true,"href":"https:\/\/blogs.lasprovincias.es\/mariajosepou\/wp-json\/wp\/v2\/comments?post=409"}],"version-history":[{"count":0,"href":"https:\/\/blogs.lasprovincias.es\/mariajosepou\/wp-json\/wp\/v2\/posts\/409\/revisions"}],"wp:attachment":[{"href":"https:\/\/blogs.lasprovincias.es\/mariajosepou\/wp-json\/wp\/v2\/media?parent=409"}],"wp:term":[{"taxonomy":"category","embeddable":true,"href":"https:\/\/blogs.lasprovincias.es\/mariajosepou\/wp-json\/wp\/v2\/categories?post=409"},{"taxonomy":"post_tag","embeddable":true,"href":"https:\/\/blogs.lasprovincias.es\/mariajosepou\/wp-json\/wp\/v2\/tags?post=409"}],"curies":[{"name":"wp","href":"https:\/\/api.w.org\/{rel}","templated":true}]}}