{"id":41,"date":"2010-04-24T05:29:16","date_gmt":"2010-04-24T05:29:16","guid":{"rendered":"http:\/\/firmas.lasprovincias.es\/mariajosepou\/?p=41"},"modified":"2010-04-24T05:29:16","modified_gmt":"2010-04-24T05:29:16","slug":"apoyo-a-ramon","status":"publish","type":"post","link":"https:\/\/blogs.lasprovincias.es\/mariajosepou\/2010\/04\/24\/apoyo-a-ramon\/","title":{"rendered":"Apoyo a Ram\u00f3n"},"content":{"rendered":"<p style=\"text-align: justify\">A Garz\u00f3n no le insultan por haber nacido en Espa\u00f1a. Tampoco le pegan en el metro por su piel o su acento. Garz\u00f3n no est\u00e1 sometido a la arbitrariedad de los \u201cseguratas\u201d porque para eso la Justicia tiene sus mecanismos de control y supervisi\u00f3n. Si hay un abuso, puede denunciarlo, como ha hecho. Incluso puede recusar a un juez o pedir su apartamiento si considera que su juicio va a estar viciado de origen.<\/p>\n<p style=\"text-align: justify\">Eso no pudo hacerlo Ram\u00f3n. Ram\u00f3n de Jes\u00fas Cardona es un colombiano que ha pasado dos meses de baja laboral porque unos vigilantes del metro de Madrid le sentenciaron sin causa, sin garant\u00edas, sin escucharle y sin permitirle la asistencia letrada. La raz\u00f3n fue defender a un compatriota que quiso subir en ascensor y no pudo porque los guardias se lo impidieron. Cuando Ram\u00f3n, que bajaba del metro tras celebrar el aniversario de boda con su mujer, los vio, les recrimin\u00f3 su actitud. Ellos se volvieron y la emprendieron a golpes brutalmente contra el \u201csudaca de mierda\u201d (sic).<\/p>\n<p style=\"text-align: justify\">Garz\u00f3n no tiene nada que ver con Ram\u00f3n. En efecto, el problema de Garz\u00f3n es pol\u00edtico y el de Ram\u00f3n, social. Sin embargo, mientras los intelectuales org\u00e1nicos y representantes de la cultura se manifiesten hoy de nuevo a favor del juez, nadie lo har\u00e1 en apoyo a Ram\u00f3n. Y a todos los Ramones que viven en Espa\u00f1a, que trabajan honradamente, pagan los impuestos como los dem\u00e1s y tienen que sufrir un trato vejatorio en raz\u00f3n de su origen.<\/p>\n<p style=\"text-align: justify\">Por gente como \u00e9l puede que haya concentraciones de repulsa o convocatorias de apoyo organizadas por entidades que luchan por la dignidad de los inmigrantes. Manifestaciones de gente an\u00f3nima, no gente guapa ni famosa. No caras conocidas que solo se movilizan contra la guerra o contra el Supremo. O sea, contra el enemigo pol\u00edtico.<\/p>\n<p style=\"text-align: justify\">Sin duda, hay libertad de expresi\u00f3n en este pa\u00eds y cada cual puede apuntarse a la \u201cmani\u201d que prefiera. Si me dan a escoger, yo me sumo a la protesta por unos vigilantes de metro que deben ser procesados. No s\u00e9 si Garz\u00f3n tambi\u00e9n debe serlo pero a m\u00ed me preocupa m\u00e1s Ram\u00f3n.<\/p>\n<p style=\"text-align: justify\">\n<!-- AddThis Advanced Settings generic via filter on the_content --><!-- AddThis Share Buttons generic via filter on the_content -->","protected":false},"excerpt":{"rendered":"<p>A Garz\u00f3n no le insultan por haber nacido en Espa\u00f1a. Tampoco le pegan en el metro por su piel o su acento. Garz\u00f3n no est\u00e1 sometido a la arbitrariedad de los \u201cseguratas\u201d porque para eso la Justicia tiene sus mecanismos de control y supervisi\u00f3n. Si hay un abuso, puede denunciarlo, como ha hecho. Incluso puede [&hellip;]<!-- AddThis Advanced Settings generic via filter on get_the_excerpt --><!-- AddThis Share Buttons generic via filter on get_the_excerpt --><\/p>\n","protected":false},"author":6,"featured_media":0,"comment_status":"open","ping_status":"closed","sticky":false,"template":"","format":"standard","meta":[],"categories":[4],"tags":[84],"_links":{"self":[{"href":"https:\/\/blogs.lasprovincias.es\/mariajosepou\/wp-json\/wp\/v2\/posts\/41"}],"collection":[{"href":"https:\/\/blogs.lasprovincias.es\/mariajosepou\/wp-json\/wp\/v2\/posts"}],"about":[{"href":"https:\/\/blogs.lasprovincias.es\/mariajosepou\/wp-json\/wp\/v2\/types\/post"}],"author":[{"embeddable":true,"href":"https:\/\/blogs.lasprovincias.es\/mariajosepou\/wp-json\/wp\/v2\/users\/6"}],"replies":[{"embeddable":true,"href":"https:\/\/blogs.lasprovincias.es\/mariajosepou\/wp-json\/wp\/v2\/comments?post=41"}],"version-history":[{"count":0,"href":"https:\/\/blogs.lasprovincias.es\/mariajosepou\/wp-json\/wp\/v2\/posts\/41\/revisions"}],"wp:attachment":[{"href":"https:\/\/blogs.lasprovincias.es\/mariajosepou\/wp-json\/wp\/v2\/media?parent=41"}],"wp:term":[{"taxonomy":"category","embeddable":true,"href":"https:\/\/blogs.lasprovincias.es\/mariajosepou\/wp-json\/wp\/v2\/categories?post=41"},{"taxonomy":"post_tag","embeddable":true,"href":"https:\/\/blogs.lasprovincias.es\/mariajosepou\/wp-json\/wp\/v2\/tags?post=41"}],"curies":[{"name":"wp","href":"https:\/\/api.w.org\/{rel}","templated":true}]}}