{"id":412,"date":"2010-07-31T07:18:21","date_gmt":"2010-07-31T07:18:21","guid":{"rendered":"http:\/\/firmas.lasprovincias.es\/mariajosepou\/?p=412"},"modified":"2010-07-31T07:18:21","modified_gmt":"2010-07-31T07:18:21","slug":"quedada-de-barriguitas","status":"publish","type":"post","link":"https:\/\/blogs.lasprovincias.es\/mariajosepou\/2010\/07\/31\/quedada-de-barriguitas\/","title":{"rendered":"Quedada de &#8220;Barriguitas&#8221;"},"content":{"rendered":"<p style=\"text-align: justify\"><a href=\"\/mariajosepou\/wp-content\/uploads\/sites\/4\/2010\/07\/1979barriguitas2.jpg\"><img loading=\"lazy\" class=\"alignleft size-medium wp-image-414\" src=\"\/mariajosepou\/wp-content\/uploads\/sites\/4\/2010\/07\/1979barriguitas2.jpg\" alt=\"\" width=\"203\" height=\"300\" srcset=\"https:\/\/static-blogs.lasprovincias.es\/wp-content\/uploads\/sites\/4\/2010\/07\/1979barriguitas2.jpg 413w, https:\/\/static-blogs.lasprovincias.es\/wp-content\/uploads\/sites\/4\/2010\/07\/1979barriguitas2-203x300.jpg 203w\" sizes=\"(max-width: 203px) 100vw, 203px\" \/><\/a>El t\u00edtulo de esta columna no se refiere a una concentraci\u00f3n de cincuentones en la flor de la curva cervecera ni a una reuni\u00f3n tupper-morcillona de se\u00f1oritas de talla XXL. Se refiere, literalmente, a un acontecimiento programado para septiembre que pretende reunir el mayor n\u00famero de mu\u00f1ecas &#8216;Barriguitas&#8217; de la historia.<\/p>\n<p style=\"text-align: justify\">Lo que me ha sorprendido m\u00e1s al conocer la noticia no es la cita en s\u00ed sino la edad que confiesa esta mu\u00f1eca: 41. Y digo que me sorprende porque \u00e9sa es la m\u00eda y sin embargo no me siento contempor\u00e1nea de la dichosa mu\u00f1equita.<\/p>\n<p style=\"text-align: justify\">No es que yo, de peque\u00f1a, fuera muy aficionada a las mu\u00f1ecas pero ten\u00eda mi Nancy como todas y, en lugar de Nenuco, los Reyes me trajeron un Patoso. Prefer\u00eda el Tente y los &#8216;clics&#8217; de mi hermano.<\/p>\n<p style=\"text-align: justify\">No obstante, en el cole uno de los temas de conversaci\u00f3n preferido era \u00abpues yo tengo un Baby mocosote\u00bb a lo que se respond\u00eda con un \u00abpues yo una Nancy negra\u00bb. O sea, se pon\u00eda en com\u00fan la informaci\u00f3n referida a la propiedad mu\u00f1equera de cada cual. En ese contexto, pues, no recuerdo que ninguna de mis amigas tuviera una &#8216;Barriguitas&#8217; a tierna edad.<\/p>\n<p style=\"text-align: justify\">S\u00ed, en cambio, tengo n\u00edtida la imagen de la llegada de las &#8216;Barriguitas&#8217; a nuestra vida. Deb\u00eda de tener unos 8 \u00f3 9 a\u00f1os y ya algunas ni\u00f1as ten\u00edan a la &#8216;nueva&#8217;. Pero mi trauma -porque es un trauma- fue que en la cola del comedor y, dado que yo com\u00eda dieta ya por entonces, a alguna graciosa se le ocurri\u00f3 llamarme \u00abbarriguitas\u00bb en honor a la nueva mu\u00f1eca. Hizo gracia. A m\u00ed ninguna. Prueba de ello es que nunca ped\u00ed a los Reyes esa humillaci\u00f3n de goma.<\/p>\n<p style=\"text-align: justify\">Ahora me da igual pero noto que me sigue afectando c\u00f3mo se nos llame a los pasados de peso. Sobre todo, al leer las declaraciones de la ministra brit\u00e1nica de Salud: \u00abll\u00e1male gordo, no obeso\u00bb, ha dicho la tipa. Y ustedes perdonen. Ella dice que es para concienciar. Que me llamaran \u00abbarriguitas\u00bb nunca me concienci\u00f3. Me frustr\u00f3. Ll\u00e1menle est\u00fapida, no ministra. As\u00ed se concienciar\u00e1 de que no sirve para esto.<\/p>\n<!-- AddThis Advanced Settings generic via filter on the_content --><!-- AddThis Share Buttons generic via filter on the_content -->","protected":false},"excerpt":{"rendered":"<p>El t\u00edtulo de esta columna no se refiere a una concentraci\u00f3n de cincuentones en la flor de la curva cervecera ni a una reuni\u00f3n tupper-morcillona de se\u00f1oritas de talla XXL. Se refiere, literalmente, a un acontecimiento programado para septiembre que pretende reunir el mayor n\u00famero de mu\u00f1ecas &#8216;Barriguitas&#8217; de la historia. Lo que me ha [&hellip;]<!-- AddThis Advanced Settings generic via filter on get_the_excerpt --><!-- AddThis Share Buttons generic via filter on get_the_excerpt --><\/p>\n","protected":false},"author":6,"featured_media":0,"comment_status":"open","ping_status":"closed","sticky":false,"template":"","format":"standard","meta":[],"categories":[4],"tags":[62,147,156],"_links":{"self":[{"href":"https:\/\/blogs.lasprovincias.es\/mariajosepou\/wp-json\/wp\/v2\/posts\/412"}],"collection":[{"href":"https:\/\/blogs.lasprovincias.es\/mariajosepou\/wp-json\/wp\/v2\/posts"}],"about":[{"href":"https:\/\/blogs.lasprovincias.es\/mariajosepou\/wp-json\/wp\/v2\/types\/post"}],"author":[{"embeddable":true,"href":"https:\/\/blogs.lasprovincias.es\/mariajosepou\/wp-json\/wp\/v2\/users\/6"}],"replies":[{"embeddable":true,"href":"https:\/\/blogs.lasprovincias.es\/mariajosepou\/wp-json\/wp\/v2\/comments?post=412"}],"version-history":[{"count":0,"href":"https:\/\/blogs.lasprovincias.es\/mariajosepou\/wp-json\/wp\/v2\/posts\/412\/revisions"}],"wp:attachment":[{"href":"https:\/\/blogs.lasprovincias.es\/mariajosepou\/wp-json\/wp\/v2\/media?parent=412"}],"wp:term":[{"taxonomy":"category","embeddable":true,"href":"https:\/\/blogs.lasprovincias.es\/mariajosepou\/wp-json\/wp\/v2\/categories?post=412"},{"taxonomy":"post_tag","embeddable":true,"href":"https:\/\/blogs.lasprovincias.es\/mariajosepou\/wp-json\/wp\/v2\/tags?post=412"}],"curies":[{"name":"wp","href":"https:\/\/api.w.org\/{rel}","templated":true}]}}