{"id":419,"date":"2010-08-12T14:35:43","date_gmt":"2010-08-12T14:35:43","guid":{"rendered":"http:\/\/firmas.lasprovincias.es\/mariajosepou\/?p=419"},"modified":"2010-08-12T14:35:43","modified_gmt":"2010-08-12T14:35:43","slug":"mi-momento-homeless","status":"publish","type":"post","link":"https:\/\/blogs.lasprovincias.es\/mariajosepou\/2010\/08\/12\/mi-momento-homeless\/","title":{"rendered":"Mi momento &#8220;homeless&#8221;"},"content":{"rendered":"<p style=\"text-align: justify\"><a href=\"\/mariajosepou\/wp-content\/uploads\/sites\/4\/2010\/08\/homeless1.jpg\"><img loading=\"lazy\" class=\"alignleft size-medium wp-image-420\" src=\"\/mariajosepou\/wp-content\/uploads\/sites\/4\/2010\/08\/homeless1.jpg\" alt=\"\" width=\"300\" height=\"298\" srcset=\"https:\/\/static-blogs.lasprovincias.es\/wp-content\/uploads\/sites\/4\/2010\/08\/homeless1.jpg 500w, https:\/\/static-blogs.lasprovincias.es\/wp-content\/uploads\/sites\/4\/2010\/08\/homeless1-150x150.jpg 150w\" sizes=\"(max-width: 300px) 100vw, 300px\" \/><\/a>Por lo general no me gustan los t\u00f3picos porque estereotipan la realidad, sobre todo, los t\u00f3picos regionales, es decir, aquellos que aseguran que si alguien nace en un sitio, tiene una forma de ser determinada. Por ejemplo, que los valencianos tenemos sangre de horchata. Yo puede que la llegue a desarrollar por mi afici\u00f3n al oro blanco pero eso no me hace &#8216;meninfot&#8217;. Es como decir que los nacidos en la meseta necesariamente han de ser chulos o los que vieron la luz por primera vez cerca del Llobregat, taca\u00f1os.<\/p>\n<p style=\"text-align: justify\">Sin embargo, admito que hay un rasgo atribuido a los habitantes de estas tierras que me va como anillo al dedo y piercing al ombligo. Me refiero al &#8216;pensat i fet&#8217;. Hay quien lo llama improvisaci\u00f3n pero yo prefiero calificarlo de espontaneidad, creatividad y esp\u00edritu de aventura. He de reconocer que algo de eso tiene, no porque sea una forma de plantearse la vida positiva y llena de beneficios -que no- sino porque tiene una porci\u00f3n de riesgo y emoci\u00f3n que no consigue quien planifica todo hasta el \u00faltimo mil\u00edmetro seis meses antes del evento.<\/p>\n<p style=\"text-align: justify\">Por culpa de eso, precisamente, me hall\u00e9 hace unos d\u00edas en medio de la calle Zapadores sentada en una silla de playa a las cuatro de la ma\u00f1ana. No es que quisiera comprar una entrada para el concierto de Bisbal ni presentarme al casting de Gran Hermano. No. Era mi &#8216;momento homeless&#8217;, &#8216;sin techo&#8217;, dicho sea con todo respeto y consideraci\u00f3n hacia quien no se encuentra as\u00ed por imprevisi\u00f3n o tontuna sino por canalladas del destino.<\/p>\n<p style=\"text-align: justify\">De pronto me vi con una silla y una mochila donde guardaba todas mis pertenencias pasando la noche en mitad de la calle, con alg\u00fan gato por toda compa\u00f1\u00eda. Desde entonces s\u00e9 que podr\u00eda participar en &#8216;Supervivientes&#8217;. Mi mochila as\u00ed lo afirmaba para sorpresa de algunos: termo con caf\u00e9 con leche, magdalenas, s\u00e1ndwich, agua, mp3, libro (de Pajuelo, por cierto), crucigramas y bloc donde tomar notas. Y toda la noche por delante. Solo se me olvid\u00f3 un spray antimosquitos y me acribillaron.<\/p>\n<p style=\"text-align: justify\">Todo eso para renovarme el pasaporte por no haber previsto que un viaje a Sudam\u00e9rica lo necesitaba con vigencia de 6 meses y el m\u00edo caducaba en octubre. S\u00e9 que la polic\u00eda me dir\u00eda que existe la cita previa y realmente es una idiotez sufrir esa noche &#8216;homeless&#8217; por no haber pedido hora con tiempo pero a veces las cosas vienen as\u00ed y as\u00ed hay que tomarlas.<\/p>\n<p style=\"text-align: justify\">All\u00ed estuve. Fueron 40 minutos terribles hasta que empez\u00f3 a llegar m\u00e1s gente, pero. \u00a1Era la primera de la fila! Yo siempre he pensado que los primeros eran como los que ganan la Loter\u00eda el 22 de diciembre, figurantes que no existen porque nunca conoces a alguien que haya ganado. Pues no, se\u00f1ores. En efecto se puede ser la primera si una es de dormir ligero. No es que yo quisiera competir por el Guinnes; simplemente me quer\u00eda asegurar. Y vaya si lo hice. Tuve unas ojeras segur\u00edsimas.<\/p>\n<!-- AddThis Advanced Settings generic via filter on the_content --><!-- AddThis Share Buttons generic via filter on the_content -->","protected":false},"excerpt":{"rendered":"<p>Por lo general no me gustan los t\u00f3picos porque estereotipan la realidad, sobre todo, los t\u00f3picos regionales, es decir, aquellos que aseguran que si alguien nace en un sitio, tiene una forma de ser determinada. Por ejemplo, que los valencianos tenemos sangre de horchata. Yo puede que la llegue a desarrollar por mi afici\u00f3n al [&hellip;]<!-- AddThis Advanced Settings generic via filter on get_the_excerpt --><!-- AddThis Share Buttons generic via filter on get_the_excerpt --><\/p>\n","protected":false},"author":6,"featured_media":0,"comment_status":"open","ping_status":"closed","sticky":false,"template":"","format":"standard","meta":[],"categories":[4],"tags":[],"_links":{"self":[{"href":"https:\/\/blogs.lasprovincias.es\/mariajosepou\/wp-json\/wp\/v2\/posts\/419"}],"collection":[{"href":"https:\/\/blogs.lasprovincias.es\/mariajosepou\/wp-json\/wp\/v2\/posts"}],"about":[{"href":"https:\/\/blogs.lasprovincias.es\/mariajosepou\/wp-json\/wp\/v2\/types\/post"}],"author":[{"embeddable":true,"href":"https:\/\/blogs.lasprovincias.es\/mariajosepou\/wp-json\/wp\/v2\/users\/6"}],"replies":[{"embeddable":true,"href":"https:\/\/blogs.lasprovincias.es\/mariajosepou\/wp-json\/wp\/v2\/comments?post=419"}],"version-history":[{"count":0,"href":"https:\/\/blogs.lasprovincias.es\/mariajosepou\/wp-json\/wp\/v2\/posts\/419\/revisions"}],"wp:attachment":[{"href":"https:\/\/blogs.lasprovincias.es\/mariajosepou\/wp-json\/wp\/v2\/media?parent=419"}],"wp:term":[{"taxonomy":"category","embeddable":true,"href":"https:\/\/blogs.lasprovincias.es\/mariajosepou\/wp-json\/wp\/v2\/categories?post=419"},{"taxonomy":"post_tag","embeddable":true,"href":"https:\/\/blogs.lasprovincias.es\/mariajosepou\/wp-json\/wp\/v2\/tags?post=419"}],"curies":[{"name":"wp","href":"https:\/\/api.w.org\/{rel}","templated":true}]}}