{"id":422,"date":"2010-08-18T07:13:13","date_gmt":"2010-08-18T07:13:13","guid":{"rendered":"http:\/\/firmas.lasprovincias.es\/mariajosepou\/?p=422"},"modified":"2010-08-18T07:13:13","modified_gmt":"2010-08-18T07:13:13","slug":"sandalias-con-calcetin","status":"publish","type":"post","link":"https:\/\/blogs.lasprovincias.es\/mariajosepou\/2010\/08\/18\/sandalias-con-calcetin\/","title":{"rendered":"Sandalias con calcet\u00edn"},"content":{"rendered":"<p style=\"text-align: justify\"><a href=\"\/mariajosepou\/wp-content\/uploads\/sites\/4\/2010\/08\/3775530592_4a5378418c1.jpg\"><img loading=\"lazy\" class=\"alignleft size-medium wp-image-423\" src=\"\/mariajosepou\/wp-content\/uploads\/sites\/4\/2010\/08\/3775530592_4a5378418c1.jpg\" alt=\"\" width=\"300\" height=\"200\" \/><\/a>El verano es una mala \u00e9poca para la elegancia. Por mucho que uno se empe\u00f1e, el cerco de sudor bajo la axila es incompatible con la portada del Vanity Fair. Intentar ir impecable cuando las temperaturas nos deshacen, nos empapan, nos arrugan y nos quitan todo rastro de maquillaje resulta tarea imposible.<\/p>\n<p style=\"text-align: justify\">Sin embargo, los hay que no contentos con lo que la estaci\u00f3n proporciona, le a\u00f1aden su propio toque personal de desarreglo, garruler\u00eda y mal gusto. A la falta de estilo se une en ocasiones la taca\u00f1er\u00eda, la comodidad entendida como &#8220;laissez faire lassiez passer&#8221; o un &#8220;carpe diem&#8221; traducido por &#8220;aprovecha el momento de ser \u00a1lo peor!&#8221;.<\/p>\n<p style=\"text-align: justify\">Es lo que ocurre con quienes se empe\u00f1an en calzar sandalias con calcetines. Es cierto que los pies son muy sensibles y deben estar protegidos, pero si el objetivo es evitar un da\u00f1o al pie \u00bfpor qu\u00e9 no usar zapato? Y, si por el contrario, lo que se busca es darles ventilaci\u00f3n \u00bfc\u00f3mo es que se impide la transpiraci\u00f3n lib\u00e9rrima a base de taponarla con el calcet\u00edn?<\/p>\n<p style=\"text-align: justify\">A esto hay que a\u00f1adir la elecci\u00f3n de calcet\u00edn. No todos son iguales. Los hay, como la ropa interior, para mostrar y los hay que mejor no ense\u00f1ar ni en el tendedero. Pues bien, quienes optan por acompa\u00f1ar las sandalias con tama\u00f1a prenda inoportuna, suelen escoger \u00e9stos. S\u00ed. De hilo gris combinado con un azul o negro venido a menos. O sea, a punto de ense\u00f1ar su dedo gordo al mundo.<\/p>\n<p style=\"text-align: justify\">Si todo quedara en los pies no resultar\u00eda tan inconveniente. Bastar\u00eda con mirarle a los ojos y olvidar sus patas traseras. Pero no. Cuando uno es hortera lo es de pies a cabeza. Literalmente. Por eso acompa\u00f1a las sandalias con pantal\u00f3n corto. No pod\u00eda usar uno largo para disimular un poco las pezu\u00f1as incoherentes. No.<\/p>\n<p style=\"text-align: justify\">Las muestra con orgullo gracias a unos pantalones cortos rematados en la parte superior por una ri\u00f1onera, mariconera colgante o bolsa marsupial de tejido sint\u00e9tico. O sea, un a\u00f1adido masculino que presuntamente sustituye los bolsillos de la americana invernal y que eleva el nivel de espanto ad infinitum cuando queda reposado exactamente sobre la barriga cervecera, justo en su cumbre. Desde all\u00ed prolonga la curva de la felicidad espumosa por si \u00e9sta no fuera suficiente. Si la curva, adem\u00e1s, viene vestida con camiseta imperio, lo de Elm Street a su lado puede pasar por un cuento infantil de hadas cursis vestidas de rosa.<\/p>\n<p style=\"text-align: justify\">Pero no es lo peor que pueden ver los ojos de un ind\u00edgena entre los turistas visitantes. En el colmo del mal gusto, hay quien evita la camisa, el polo o la camiseta de rejilla. La cuesti\u00f3n es que deleita al mundo con un pecho lobo descubierto, solo amenizado por un horrible tatuaje del que presumir. Es entonces cuando una suspira por calcetines con mangas para ir a juego con los pies y, sobre todo, para evitar que se constipe la criatura y remate la jornada con camisas hawaianas.<\/p>\n<!-- AddThis Advanced Settings generic via filter on the_content --><!-- AddThis Share Buttons generic via filter on the_content -->","protected":false},"excerpt":{"rendered":"<p>El verano es una mala \u00e9poca para la elegancia. Por mucho que uno se empe\u00f1e, el cerco de sudor bajo la axila es incompatible con la portada del Vanity Fair. Intentar ir impecable cuando las temperaturas nos deshacen, nos empapan, nos arrugan y nos quitan todo rastro de maquillaje resulta tarea imposible. Sin embargo, los [&hellip;]<!-- AddThis Advanced Settings generic via filter on get_the_excerpt --><!-- AddThis Share Buttons generic via filter on get_the_excerpt --><\/p>\n","protected":false},"author":6,"featured_media":0,"comment_status":"open","ping_status":"closed","sticky":false,"template":"","format":"standard","meta":[],"categories":[4],"tags":[],"_links":{"self":[{"href":"https:\/\/blogs.lasprovincias.es\/mariajosepou\/wp-json\/wp\/v2\/posts\/422"}],"collection":[{"href":"https:\/\/blogs.lasprovincias.es\/mariajosepou\/wp-json\/wp\/v2\/posts"}],"about":[{"href":"https:\/\/blogs.lasprovincias.es\/mariajosepou\/wp-json\/wp\/v2\/types\/post"}],"author":[{"embeddable":true,"href":"https:\/\/blogs.lasprovincias.es\/mariajosepou\/wp-json\/wp\/v2\/users\/6"}],"replies":[{"embeddable":true,"href":"https:\/\/blogs.lasprovincias.es\/mariajosepou\/wp-json\/wp\/v2\/comments?post=422"}],"version-history":[{"count":0,"href":"https:\/\/blogs.lasprovincias.es\/mariajosepou\/wp-json\/wp\/v2\/posts\/422\/revisions"}],"wp:attachment":[{"href":"https:\/\/blogs.lasprovincias.es\/mariajosepou\/wp-json\/wp\/v2\/media?parent=422"}],"wp:term":[{"taxonomy":"category","embeddable":true,"href":"https:\/\/blogs.lasprovincias.es\/mariajosepou\/wp-json\/wp\/v2\/categories?post=422"},{"taxonomy":"post_tag","embeddable":true,"href":"https:\/\/blogs.lasprovincias.es\/mariajosepou\/wp-json\/wp\/v2\/tags?post=422"}],"curies":[{"name":"wp","href":"https:\/\/api.w.org\/{rel}","templated":true}]}}