{"id":4227,"date":"2012-06-01T21:00:49","date_gmt":"2012-06-01T19:00:49","guid":{"rendered":"http:\/\/blogs.lasprovincias.es\/mariajosepou\/?p=4227"},"modified":"2012-06-01T21:00:49","modified_gmt":"2012-06-01T19:00:49","slug":"retorica-de-la-acusacion","status":"publish","type":"post","link":"https:\/\/blogs.lasprovincias.es\/mariajosepou\/2012\/06\/01\/retorica-de-la-acusacion\/","title":{"rendered":"Ret\u00f3rica de la acusaci\u00f3n"},"content":{"rendered":"<p><a href=\"\/mariajosepou\/wp-content\/uploads\/sites\/4\/2012\/06\/images.jpeg\"><img loading=\"lazy\" class=\"alignleft size-full wp-image-4228\" title=\"images\" src=\"\/mariajosepou\/wp-content\/uploads\/sites\/4\/2012\/06\/images.jpeg\" alt=\"\" width=\"275\" height=\"183\" \/><\/a>Ellos siguen a la suya. Parece que a los pol\u00edticos les leen sus derechos cuando\u00a0los incluyen en las listas electorales y con eso tienen suficiente para empezar a\u00a0actuar: \u201ctiene derecho a un abogado\u201d, les dicen por si las moscas leguleyas y las\u00a0corruptelas varias; \u201ctiene derecho a guardar silencio\u201d, para no crear m\u00e1s crisis -argumentan- y, por \u00faltimo, \u201ctodo lo que ocurra puede ser utilizado en su contra\u201d,\u00a0que es como el gran mantra de la clase pol\u00edtica. Siempre est\u00e1n dispuestos a usar\u00a0la realidad como bomba de mano: si sube la prima de riesgo, es por lo que dice\u00a0el otro; si baja, por lo que calla. Hasta los fen\u00f3menos atmosf\u00e9ricos, ajenos a la\u00a0voluntad humana, pueden ser carne de acusaci\u00f3n.<\/p>\n<p>Le\u00eddos sus derechos ya tienen bula para dedicarse durante toda la legislatura\u00a0a jugar al front\u00f3n con sus oponentes pol\u00edticos. Y all\u00e1 se las compongan los\u00a0ciudadanos.\u00a0Lo pienso en cada sesi\u00f3n de control al gobierno ya est\u00e9 el PP o el PSOE. Da la\u00a0sensaci\u00f3n de que su objetivo es seducir a los votantes y, cuando eso resulta dif\u00edcil,\u00a0como en el presente, se limitan a pegarles codazos al grito de \u201ct\u00fa ves como no te\u00a0conviene\u201d se\u00f1alando al contrario.<\/p>\n<p>Supongo que no es todo as\u00ed pero al verlos discutir me pregunto qu\u00e9 les importa\u00a0m\u00e1s, si el duelo a cara de perro con sus alternativas o el bienestar de los\u00a0representados. Y han llegado a cansarme. \u00bfQu\u00e9 falta nos hace una pandilla\u00a0discutiendo sobre c\u00f3mo rescatar a un tullido de un incendio mientras se quema?\u00a0Esa la imagen que me ofrece la clase pol\u00edtica en la cat\u00e1strofe que vivimos.\u00a0<a href=\"\/mariajosepou\/wp-content\/uploads\/sites\/4\/2012\/06\/images-1.jpeg\"><img loading=\"lazy\" class=\"alignright size-full wp-image-4229\" title=\"images-1\" src=\"\/mariajosepou\/wp-content\/uploads\/sites\/4\/2012\/06\/images-1.jpeg\" alt=\"\" width=\"225\" height=\"225\" srcset=\"https:\/\/static-blogs.lasprovincias.es\/wp-content\/uploads\/sites\/4\/2012\/06\/images-1.jpeg 225w, https:\/\/static-blogs.lasprovincias.es\/wp-content\/uploads\/sites\/4\/2012\/06\/images-1-150x150.jpeg 150w\" sizes=\"(max-width: 225px) 100vw, 225px\" \/><\/a><\/p>\n<p>Lo \u00faltimo es decir que deber\u00edan pedirse \u201cdimisiones retroactivas\u201d del periodo\u00a0socialista. \u00bfDimisiones retroactivas de alguien que ya no est\u00e1 en el cargo? \u00bfEstos\u00a0se escuchan alguna vez? Es el mejor ejemplo de ret\u00f3rica de la acusaci\u00f3n. Pedir una\u00a0dimisi\u00f3n tiene sentido para apartar a alguien de un cargo por el bien com\u00fan pero\u00a0estas condiciones solo pretende desgastar al oponente.<\/p>\n<!-- AddThis Advanced Settings generic via filter on the_content --><!-- AddThis Share Buttons generic via filter on the_content -->","protected":false},"excerpt":{"rendered":"<p>Ellos siguen a la suya. Parece que a los pol\u00edticos les leen sus derechos cuando\u00a0los incluyen en las listas electorales y con eso tienen suficiente para empezar a\u00a0actuar: \u201ctiene derecho a un abogado\u201d, les dicen por si las moscas leguleyas y las\u00a0corruptelas varias; \u201ctiene derecho a guardar silencio\u201d, para no crear m\u00e1s crisis -argumentan- y, [&hellip;]<!-- AddThis Advanced Settings generic via filter on get_the_excerpt --><!-- AddThis Share Buttons generic via filter on get_the_excerpt --><\/p>\n","protected":false},"author":6,"featured_media":0,"comment_status":"open","ping_status":"closed","sticky":false,"template":"","format":"standard","meta":[],"categories":[4],"tags":[54,58,136],"_links":{"self":[{"href":"https:\/\/blogs.lasprovincias.es\/mariajosepou\/wp-json\/wp\/v2\/posts\/4227"}],"collection":[{"href":"https:\/\/blogs.lasprovincias.es\/mariajosepou\/wp-json\/wp\/v2\/posts"}],"about":[{"href":"https:\/\/blogs.lasprovincias.es\/mariajosepou\/wp-json\/wp\/v2\/types\/post"}],"author":[{"embeddable":true,"href":"https:\/\/blogs.lasprovincias.es\/mariajosepou\/wp-json\/wp\/v2\/users\/6"}],"replies":[{"embeddable":true,"href":"https:\/\/blogs.lasprovincias.es\/mariajosepou\/wp-json\/wp\/v2\/comments?post=4227"}],"version-history":[{"count":0,"href":"https:\/\/blogs.lasprovincias.es\/mariajosepou\/wp-json\/wp\/v2\/posts\/4227\/revisions"}],"wp:attachment":[{"href":"https:\/\/blogs.lasprovincias.es\/mariajosepou\/wp-json\/wp\/v2\/media?parent=4227"}],"wp:term":[{"taxonomy":"category","embeddable":true,"href":"https:\/\/blogs.lasprovincias.es\/mariajosepou\/wp-json\/wp\/v2\/categories?post=4227"},{"taxonomy":"post_tag","embeddable":true,"href":"https:\/\/blogs.lasprovincias.es\/mariajosepou\/wp-json\/wp\/v2\/tags?post=4227"}],"curies":[{"name":"wp","href":"https:\/\/api.w.org\/{rel}","templated":true}]}}