{"id":4233,"date":"2012-06-03T21:07:02","date_gmt":"2012-06-03T19:07:02","guid":{"rendered":"http:\/\/blogs.lasprovincias.es\/mariajosepou\/?p=4233"},"modified":"2012-06-03T21:07:02","modified_gmt":"2012-06-03T19:07:02","slug":"bajas-injustificadas","status":"publish","type":"post","link":"https:\/\/blogs.lasprovincias.es\/mariajosepou\/2012\/06\/03\/bajas-injustificadas\/","title":{"rendered":"Bajas injustificadas"},"content":{"rendered":"<p><a href=\"\/mariajosepou\/wp-content\/uploads\/sites\/4\/2012\/06\/18246258-644x362.jpg\"><img loading=\"lazy\" class=\"alignleft size-medium wp-image-4235\" title=\"18246258--644x362\" src=\"\/mariajosepou\/wp-content\/uploads\/sites\/4\/2012\/06\/18246258.jpg\" alt=\"\" width=\"300\" height=\"168\" \/><\/a>Quienes hemos estado alguna vez en puestos directivos sabemos que, poniendo inter\u00e9s y honestidad, no se necesitan tornos para saber qui\u00e9n cumple o no con su labor.<\/p>\n<p>\u00bfConoce usted a un funcionario? Preg\u00fantele si sabe qui\u00e9n trabaja y quien se va de compras al centro. Seguro que puede dec\u00edrselo.<\/p>\n<p>No estoy sugiriendo que se tome al compa\u00f1ero de chivato, ni mucho menos. Esa informaci\u00f3n debe averiguarla el jefe por s\u00ed mismo, no por \u201ctopos\u201d que solo crean malestar entre los trabajadores.<\/p>\n<p>Lo que quiero decir es que cuando uno trabaja en un lugar puede decir eso de \u201cnos conocemos todos\u201d. Sabe de sobra qu\u00e9 hace cada uno.<\/p>\n<p>A m\u00ed siempre me ha fastidiado el jefe in\u00fatil que, incapaz de saber nada cierto y \u00e1vido de vendettas y demostraciones de poder, toma medidas radicales contra todos, tirios y troyanos. Esas decisiones solo repercuten en un mal clima de trabajo y, por tanto, a la larga reducen la productividad.<\/p>\n<p>Quien llega a su hora, sale lo justo para el caf\u00e9 y no para de trabajar se ofende porque es controlado por culpa de quienes no cumplen. Quien se escaquea es posible que sepa c\u00f3mo seguir haci\u00e9ndolo con o sin tornos, huellas digitales o cualesquiera carabinas que la Administraci\u00f3n valenciana imponga a sus funcionarios.<a href=\"\/mariajosepou\/wp-content\/uploads\/sites\/4\/2012\/06\/1338552949_444830_1338553437_noticia_normal.jpg\"><img loading=\"lazy\" class=\"alignright size-medium wp-image-4234\" title=\"1338552949_444830_1338553437_noticia_normal\" src=\"\/mariajosepou\/wp-content\/uploads\/sites\/4\/2012\/06\/1338552949_444830_1338553437_noticia_normal.jpg\" alt=\"\" width=\"300\" height=\"188\" srcset=\"https:\/\/static-blogs.lasprovincias.es\/wp-content\/uploads\/sites\/4\/2012\/06\/1338552949_444830_1338553437_noticia_normal.jpg 560w, https:\/\/static-blogs.lasprovincias.es\/wp-content\/uploads\/sites\/4\/2012\/06\/1338552949_444830_1338553437_noticia_normal-300x189.jpg 300w\" sizes=\"(max-width: 300px) 100vw, 300px\" \/><\/a><\/p>\n<p>Lo grave, de todos modos, no son las medidas, aunque algunas sean rid\u00edculas y car\u00edsimas, como pedir justificante al m\u00e9dico por un resfriado, un ataque de lumbago o una gastroenteritis de un par de d\u00edas.<\/p>\n<p>Lo malo es el gasto que se va a ahorrar la Comunidad Valenciana. Dando esas cifras tan altas de previsiones -18\u20193 millones de euros al a\u00f1o- creen ofrecer una gran imagen de eficiencia y lo \u00fanico que consiguen es que nos preguntemos c\u00f3mo han dejado que se perdieran todos estos a\u00f1os. Si solo es cuesti\u00f3n de caraduras que toman una baja injustificada \u2013sobre lo que tengo dudas- no haberlos controlado antes es una indecencia sobre la que deber\u00edan pedirse responsabilidades.<\/p>\n<!-- AddThis Advanced Settings generic via filter on the_content --><!-- AddThis Share Buttons generic via filter on the_content -->","protected":false},"excerpt":{"rendered":"<p>Quienes hemos estado alguna vez en puestos directivos sabemos que, poniendo inter\u00e9s y honestidad, no se necesitan tornos para saber qui\u00e9n cumple o no con su labor. \u00bfConoce usted a un funcionario? Preg\u00fantele si sabe qui\u00e9n trabaja y quien se va de compras al centro. Seguro que puede dec\u00edrselo. No estoy sugiriendo que se tome [&hellip;]<!-- AddThis Advanced Settings generic via filter on get_the_excerpt --><!-- AddThis Share Buttons generic via filter on get_the_excerpt --><\/p>\n","protected":false},"author":6,"featured_media":0,"comment_status":"open","ping_status":"closed","sticky":false,"template":"","format":"standard","meta":[],"categories":[4],"tags":[54,82,136,171],"_links":{"self":[{"href":"https:\/\/blogs.lasprovincias.es\/mariajosepou\/wp-json\/wp\/v2\/posts\/4233"}],"collection":[{"href":"https:\/\/blogs.lasprovincias.es\/mariajosepou\/wp-json\/wp\/v2\/posts"}],"about":[{"href":"https:\/\/blogs.lasprovincias.es\/mariajosepou\/wp-json\/wp\/v2\/types\/post"}],"author":[{"embeddable":true,"href":"https:\/\/blogs.lasprovincias.es\/mariajosepou\/wp-json\/wp\/v2\/users\/6"}],"replies":[{"embeddable":true,"href":"https:\/\/blogs.lasprovincias.es\/mariajosepou\/wp-json\/wp\/v2\/comments?post=4233"}],"version-history":[{"count":0,"href":"https:\/\/blogs.lasprovincias.es\/mariajosepou\/wp-json\/wp\/v2\/posts\/4233\/revisions"}],"wp:attachment":[{"href":"https:\/\/blogs.lasprovincias.es\/mariajosepou\/wp-json\/wp\/v2\/media?parent=4233"}],"wp:term":[{"taxonomy":"category","embeddable":true,"href":"https:\/\/blogs.lasprovincias.es\/mariajosepou\/wp-json\/wp\/v2\/categories?post=4233"},{"taxonomy":"post_tag","embeddable":true,"href":"https:\/\/blogs.lasprovincias.es\/mariajosepou\/wp-json\/wp\/v2\/tags?post=4233"}],"curies":[{"name":"wp","href":"https:\/\/api.w.org\/{rel}","templated":true}]}}