{"id":4239,"date":"2012-06-04T23:36:41","date_gmt":"2012-06-04T21:36:41","guid":{"rendered":"http:\/\/blogs.lasprovincias.es\/mariajosepou\/?p=4239"},"modified":"2012-06-04T23:36:41","modified_gmt":"2012-06-04T21:36:41","slug":"dios-salve-a-la-reina","status":"publish","type":"post","link":"https:\/\/blogs.lasprovincias.es\/mariajosepou\/2012\/06\/04\/dios-salve-a-la-reina\/","title":{"rendered":"Dios salve a la Reina"},"content":{"rendered":"<p><a href=\"\/mariajosepou\/wp-content\/uploads\/sites\/4\/2012\/06\/cumpleanos-Reina-Isabel-II-Inglaterra_TINIMA20120420_0356_18.jpg\"><img loading=\"lazy\" class=\"alignleft size-medium wp-image-4240\" title=\"cumpleanos-Reina-Isabel-II-Inglaterra_TINIMA20120420_0356_18\" src=\"\/mariajosepou\/wp-content\/uploads\/sites\/4\/2012\/06\/cumpleanos-Reina-Isabel-II-Inglaterra_TINIMA20120420_0356_18.jpg\" alt=\"\" width=\"300\" height=\"168\" srcset=\"https:\/\/static-blogs.lasprovincias.es\/wp-content\/uploads\/sites\/4\/2012\/06\/cumpleanos-Reina-Isabel-II-Inglaterra_TINIMA20120420_0356_18.jpg 627w, https:\/\/static-blogs.lasprovincias.es\/wp-content\/uploads\/sites\/4\/2012\/06\/cumpleanos-Reina-Isabel-II-Inglaterra_TINIMA20120420_0356_18-300x168.jpg 300w\" sizes=\"(max-width: 300px) 100vw, 300px\" \/><\/a>A m\u00ed me dicen 60 a\u00f1os y ya me canso. De lo que sea. 60 a\u00f1os de matrimonio. 60 a\u00f1os de pasi\u00f3n por un equipo de f\u00fatbol. 60 a\u00f1os leyendo al mismo escritor o 60 a\u00f1os escuchando a un cantante. No digamos nada de pasar 60 a\u00f1os trabajando en lo mismo y en la misma empresa.<\/p>\n<p>De todo, creo que lo peor es pasar \u00a160 a\u00f1os trabajando! Ya me parecen muchos los a\u00f1os de cotizaci\u00f3n que se empe\u00f1an en imponernos con que pensar en trabajar hasta los 78, o m\u00e1s, me resulta insufrible.<\/p>\n<p>Y sin embargo, all\u00ed est\u00e1 ella. The Queen. Isabel II de Inglaterra. 6 d\u00e9cadas en el trono y con su Imperio rendido a sus pies en los m\u00e1rgenes del T\u00e1mesis, creyendo en ella como el primer d\u00eda.<\/p>\n<p>Luego dicen algunos que la monarqu\u00eda es una losa. No s\u00e9 si para nosotros lo es, pero desde luego s\u00ed parece que lo sea para quien la ejerce. Como m\u00ednimo por no tener jubilaci\u00f3n, aunque tengan jubileo, como le ocurre a la reina Isabel en estos d\u00edas.<\/p>\n<p>Yo creo que eso es motivo m\u00e1s que suficiente para revisar todos los cargos vitalicios que en el mundo existen. Lo vitalicio es propio de otras \u00e9pocas. De aquellas en las que \u201cvitalicio\u201d significaba unos 30 \u00f3 40 a\u00f1os porque la esperanza de vida era m\u00e1s corta y porque el encargo ven\u00eda otorgado por la divinidad y ante eso no hay quien proteste.<a href=\"\/mariajosepou\/wp-content\/uploads\/sites\/4\/2012\/06\/JUBILEO-ISABEL-II-EFE-4.jpg\"><img loading=\"lazy\" class=\"alignright size-medium wp-image-4241\" title=\"JUBILEO ISABEL II EFE (4)\" src=\"\/mariajosepou\/wp-content\/uploads\/sites\/4\/2012\/06\/JUBILEO-ISABEL-II-EFE-4.jpg\" alt=\"\" width=\"300\" height=\"204\" srcset=\"https:\/\/static-blogs.lasprovincias.es\/wp-content\/uploads\/sites\/4\/2012\/06\/JUBILEO-ISABEL-II-EFE-4.jpg 630w, https:\/\/static-blogs.lasprovincias.es\/wp-content\/uploads\/sites\/4\/2012\/06\/JUBILEO-ISABEL-II-EFE-4-300x205.jpg 300w\" sizes=\"(max-width: 300px) 100vw, 300px\" \/><\/a><\/p>\n<p>Lo vitalicio est\u00e1 vinculado a una misi\u00f3n de vida que hoy en d\u00eda pocos pueden defender para lo que, en el fondo, no es m\u00e1s que un trabajo y una dedicaci\u00f3n profesional.<\/p>\n<p>\u00bfPor qu\u00e9 no dejar descansar a quien ha entregado su vida entera por una causa? \u00bfQu\u00e9 m\u00e1s puede hacer sino preparar la transici\u00f3n a quien venga detr\u00e1s? De otro modo, corre el riesgo de confundir a su persona con la instituci\u00f3n o con el trabajo, cuando en realidad cada uno de nosotros no es m\u00e1s que una etapa en la historia de algo. Aunque sea del Reino Unido.<\/p>\n<p>Dios salve a la Reina. Ojal\u00e1 la salve de su propia Corona y, con el Jubileo, llegue la jubilaci\u00f3n. Con mis mejores deseos, Ma\u2019am.<\/p>\n<!-- AddThis Advanced Settings generic via filter on the_content --><!-- AddThis Share Buttons generic via filter on the_content -->","protected":false},"excerpt":{"rendered":"<p>A m\u00ed me dicen 60 a\u00f1os y ya me canso. De lo que sea. 60 a\u00f1os de matrimonio. 60 a\u00f1os de pasi\u00f3n por un equipo de f\u00fatbol. 60 a\u00f1os leyendo al mismo escritor o 60 a\u00f1os escuchando a un cantante. No digamos nada de pasar 60 a\u00f1os trabajando en lo mismo y en la misma [&hellip;]<!-- AddThis Advanced Settings generic via filter on get_the_excerpt --><!-- AddThis Share Buttons generic via filter on get_the_excerpt --><\/p>\n","protected":false},"author":6,"featured_media":0,"comment_status":"open","ping_status":"closed","sticky":false,"template":"","format":"standard","meta":[],"categories":[4],"tags":[54,147,171],"_links":{"self":[{"href":"https:\/\/blogs.lasprovincias.es\/mariajosepou\/wp-json\/wp\/v2\/posts\/4239"}],"collection":[{"href":"https:\/\/blogs.lasprovincias.es\/mariajosepou\/wp-json\/wp\/v2\/posts"}],"about":[{"href":"https:\/\/blogs.lasprovincias.es\/mariajosepou\/wp-json\/wp\/v2\/types\/post"}],"author":[{"embeddable":true,"href":"https:\/\/blogs.lasprovincias.es\/mariajosepou\/wp-json\/wp\/v2\/users\/6"}],"replies":[{"embeddable":true,"href":"https:\/\/blogs.lasprovincias.es\/mariajosepou\/wp-json\/wp\/v2\/comments?post=4239"}],"version-history":[{"count":0,"href":"https:\/\/blogs.lasprovincias.es\/mariajosepou\/wp-json\/wp\/v2\/posts\/4239\/revisions"}],"wp:attachment":[{"href":"https:\/\/blogs.lasprovincias.es\/mariajosepou\/wp-json\/wp\/v2\/media?parent=4239"}],"wp:term":[{"taxonomy":"category","embeddable":true,"href":"https:\/\/blogs.lasprovincias.es\/mariajosepou\/wp-json\/wp\/v2\/categories?post=4239"},{"taxonomy":"post_tag","embeddable":true,"href":"https:\/\/blogs.lasprovincias.es\/mariajosepou\/wp-json\/wp\/v2\/tags?post=4239"}],"curies":[{"name":"wp","href":"https:\/\/api.w.org\/{rel}","templated":true}]}}