{"id":4242,"date":"2012-06-05T23:44:42","date_gmt":"2012-06-05T21:44:42","guid":{"rendered":"http:\/\/blogs.lasprovincias.es\/mariajosepou\/?p=4242"},"modified":"2012-06-05T23:44:42","modified_gmt":"2012-06-05T21:44:42","slug":"pilas-alcalinas","status":"publish","type":"post","link":"https:\/\/blogs.lasprovincias.es\/mariajosepou\/2012\/06\/05\/pilas-alcalinas\/","title":{"rendered":"Pilas alcalinas"},"content":{"rendered":"<p><a href=\"\/mariajosepou\/wp-content\/uploads\/sites\/4\/2012\/06\/images2.jpeg\"><img loading=\"lazy\" class=\"alignleft size-full wp-image-4243\" title=\"images\" src=\"\/mariajosepou\/wp-content\/uploads\/sites\/4\/2012\/06\/images2.jpeg\" alt=\"\" width=\"259\" height=\"194\" \/><\/a>Hay algo en las declaraciones de Juan Roig, el presidente de Mercadona, que me\u00a0enfada. Entiendo que cuando dice que debemos mejorar, se refiere a ser m\u00e1s\u00a0eficientes, a no trabajar m\u00e1s horas sino mejor, a tomarnos en serio nuestro papel\u00a0en la soluci\u00f3n.<\/p>\n<p>Hasta ah\u00ed acepto su llamada de atenci\u00f3n: menos cafelitos, si es todav\u00eda los hay\u00a0inconscientes, y m\u00e1s rendimiento.\u00a0Sin embargo, lo que me produce molestias es que, al aconsejar que nos\u00a0pongamos \u201clas pilas\u201d, nos meta a todos en el mismo saco.\u00a0Una servidora, y muchos otros que conozco, no es que se hayan puesto las pilas\u00a0sino que hace tiempo que parecen llevar alcalinas de larga duraci\u00f3n. Hay quienes\u00a0est\u00e1n manteniendo a sus dos hijos y cinco nietos con una pensi\u00f3n de 800 euros.<\/p>\n<p>Supongo que esos no necesitan ponerse ni quitarse bater\u00edas. Son de energ\u00eda\u00a0renovable y con m\u00e1s duraci\u00f3n que las del conejito de la tele.\u00a0Roig dice que nos hemos pasado \u201ctreinta pueblos\u201d y yo puedo aceptar que hace dos\u00a0a\u00f1os la sensaci\u00f3n era de que esa pasada de frenada no iba con nosotros, pero ahora\u00a0dif\u00edcilmente podemos acusar a los ciudadanos de no haber tomado conciencia de lo\u00a0que est\u00e1 pasando.<\/p>\n<p>O al menos, si lo hacemos, deber\u00edamos diferenciar entre quienes est\u00e1n viviendo\u00a0verdaderas penurias para llegar a fin de mes (no hablo ya del que tiene que acudir\u00a0a un comedor social) y quienes no sienten que esta crisis les afecta.\u00a0Por eso me molesta su referencia a todos por igual cuando dice que nos hemos\u00a0pasado \u201ccomo pa\u00eds, incluidos los sindicatos, los empresarios, los bancos, los\u00a0pol\u00edticos, todo el pa\u00eds&#8221;. Ah\u00ed es donde discrepo. No tiene nada que ver el que se\u00a0endeud\u00f3 para comprarse una casa, y ahora tiene la soga al cuello, con los bancos\u00a0o pol\u00edticos. Ponerlos al mismo nivel es ofender. Entiendo que lo que intenta es\u00a0advertir de que a todos nos toca, con la salvedad de que a algunos ya nos ha tocado\u00a0y en cambio est\u00e1 por ver cu\u00e1ndo ser\u00e1 el turno de esos que se\u00f1ala.<\/p>\n<!-- AddThis Advanced Settings generic via filter on the_content --><!-- AddThis Share Buttons generic via filter on the_content -->","protected":false},"excerpt":{"rendered":"<p>Hay algo en las declaraciones de Juan Roig, el presidente de Mercadona, que me\u00a0enfada. Entiendo que cuando dice que debemos mejorar, se refiere a ser m\u00e1s\u00a0eficientes, a no trabajar m\u00e1s horas sino mejor, a tomarnos en serio nuestro papel\u00a0en la soluci\u00f3n. Hasta ah\u00ed acepto su llamada de atenci\u00f3n: menos cafelitos, si es todav\u00eda los hay\u00a0inconscientes, [&hellip;]<!-- AddThis Advanced Settings generic via filter on get_the_excerpt --><!-- AddThis Share Buttons generic via filter on get_the_excerpt --><\/p>\n","protected":false},"author":6,"featured_media":0,"comment_status":"open","ping_status":"closed","sticky":false,"template":"","format":"standard","meta":[],"categories":[4],"tags":[65,132,171],"_links":{"self":[{"href":"https:\/\/blogs.lasprovincias.es\/mariajosepou\/wp-json\/wp\/v2\/posts\/4242"}],"collection":[{"href":"https:\/\/blogs.lasprovincias.es\/mariajosepou\/wp-json\/wp\/v2\/posts"}],"about":[{"href":"https:\/\/blogs.lasprovincias.es\/mariajosepou\/wp-json\/wp\/v2\/types\/post"}],"author":[{"embeddable":true,"href":"https:\/\/blogs.lasprovincias.es\/mariajosepou\/wp-json\/wp\/v2\/users\/6"}],"replies":[{"embeddable":true,"href":"https:\/\/blogs.lasprovincias.es\/mariajosepou\/wp-json\/wp\/v2\/comments?post=4242"}],"version-history":[{"count":0,"href":"https:\/\/blogs.lasprovincias.es\/mariajosepou\/wp-json\/wp\/v2\/posts\/4242\/revisions"}],"wp:attachment":[{"href":"https:\/\/blogs.lasprovincias.es\/mariajosepou\/wp-json\/wp\/v2\/media?parent=4242"}],"wp:term":[{"taxonomy":"category","embeddable":true,"href":"https:\/\/blogs.lasprovincias.es\/mariajosepou\/wp-json\/wp\/v2\/categories?post=4242"},{"taxonomy":"post_tag","embeddable":true,"href":"https:\/\/blogs.lasprovincias.es\/mariajosepou\/wp-json\/wp\/v2\/tags?post=4242"}],"curies":[{"name":"wp","href":"https:\/\/api.w.org\/{rel}","templated":true}]}}