{"id":4257,"date":"2012-06-09T22:49:36","date_gmt":"2012-06-09T20:49:36","guid":{"rendered":"http:\/\/blogs.lasprovincias.es\/mariajosepou\/?p=4257"},"modified":"2012-06-09T22:49:36","modified_gmt":"2012-06-09T20:49:36","slug":"es-cosa-de-hombres","status":"publish","type":"post","link":"https:\/\/blogs.lasprovincias.es\/mariajosepou\/2012\/06\/09\/es-cosa-de-hombres\/","title":{"rendered":"Es cosa de hombres"},"content":{"rendered":"<p><a href=\"\/mariajosepou\/wp-content\/uploads\/sites\/4\/2012\/06\/Cristina-Fern\u00e1ndez-21.jpg\"><img loading=\"lazy\" class=\"alignleft size-medium wp-image-4261\" title=\"Cristina-Fern\u00e1ndez-2\" src=\"\/mariajosepou\/wp-content\/uploads\/sites\/4\/2012\/06\/Cristina-Fern\u00e1ndez-21.jpg\" alt=\"\" width=\"202\" height=\"210\" srcset=\"https:\/\/static-blogs.lasprovincias.es\/wp-content\/uploads\/sites\/4\/2012\/06\/Cristina-Fern\u00e1ndez-21.jpg 1900w, https:\/\/static-blogs.lasprovincias.es\/wp-content\/uploads\/sites\/4\/2012\/06\/Cristina-Fern\u00e1ndez-21-289x300.jpg 289w, https:\/\/static-blogs.lasprovincias.es\/wp-content\/uploads\/sites\/4\/2012\/06\/Cristina-Fern\u00e1ndez-21-768x798.jpg 768w, https:\/\/static-blogs.lasprovincias.es\/wp-content\/uploads\/sites\/4\/2012\/06\/Cristina-Fern\u00e1ndez-21-985x1024.jpg 985w\" sizes=\"(max-width: 202px) 100vw, 202px\" \/><\/a>Nunca he preguntado a la generaci\u00f3n de mi madre y sus amigas si de j\u00f3venes tomaban brandy. Imagino que no porque lo \u201cchic\u201d para una mujer en aquellos a\u00f1os era el an\u00eds. Lo s\u00e9 porque cuando crec\u00ed me animaban a tomarlo en las fiestas familiares y a m\u00ed, que nunca me gust\u00f3, me repateaba. No solo me fastidiaba el sabor sino que lo relacionaba con partidas de brisca de se\u00f1oras endomingadas y rancias.<\/p>\n<p>Lo m\u00edo, mucho m\u00e1s tarde, fue el g\u00fcisqui y, para despu\u00e9s de comer, una \u201cmisteleta de la terra\u201d.<\/p>\n<p>Sin embargo, creo que las mujeres de los 70 ten\u00edan muy dif\u00edcil aficionarse al brandy, cuando hasta la publicidad se lo desaconsejaba con ese eslogan tan terrible de \u201c<a href=\"http:\/\/www.youtube.com\/watch?v=_zBBL3bakb8\" target=\"_blank\" rel=\"external nofollow\">Soberano, es cosa de hombres<\/a>\u201d.<\/p>\n<p>Por eso al escuchar hace unos d\u00edas a Cristina Fern\u00e1ndez, la presidenta argentina, que el petr\u00f3leo era cosa de hombres para justificar que no hubiera ninguna mujer en el consejo de administraci\u00f3n de YPF, me vino de pronto a la cabeza aquel anuncio en blanco y negro.<\/p>\n<p>De hecho, me vino a la cabeza el siglo XX o el XIX, que debe de ser el que Cristina quiere para las argentinas. Me pregunto qu\u00e9 es tan masculino en el negocio si ella misma toma decisiones y se embolsa no poca plata por sus gestiones. \u00bfEs femenino el poder pol\u00edtico pero no el econ\u00f3mico? \u00bfNo est\u00e1n preparadas las argentinas para gobernar una empresa, un emporio o un pa\u00eds?<a href=\"\/mariajosepou\/wp-content\/uploads\/sites\/4\/2012\/06\/images6.jpeg\"><img loading=\"lazy\" class=\"alignright size-full wp-image-4262\" title=\"images\" src=\"\/mariajosepou\/wp-content\/uploads\/sites\/4\/2012\/06\/images6.jpeg\" alt=\"\" width=\"271\" height=\"186\" \/><\/a><\/p>\n<p>Lo grave no es que olvide a las mujeres para puestos de responsabilidad sino que las minusvalore. En unos tiempos en los que la ausencia de las mujeres solo se justifica, a mi modo de ver, en la modalidad atl\u00e9tica de anillas y poco m\u00e1s, es insultante que intente convencernos de que esa es la verdadera raz\u00f3n.<\/p>\n<p>Eso es lo m\u00e1s molesto: que crea que aceptamos de buen grado un argumento que no solo menosprecia la val\u00eda de la mujer sino la inteligencia de todo el g\u00e9nero humano en su conjunto. Dan ganas de tirarle un zapato, como a Bush. Pero de tac\u00f3n de aguja y apuntando bien.<\/p>\n<!-- AddThis Advanced Settings generic via filter on the_content --><!-- AddThis Share Buttons generic via filter on the_content -->","protected":false},"excerpt":{"rendered":"<p>Nunca he preguntado a la generaci\u00f3n de mi madre y sus amigas si de j\u00f3venes tomaban brandy. Imagino que no porque lo \u201cchic\u201d para una mujer en aquellos a\u00f1os era el an\u00eds. Lo s\u00e9 porque cuando crec\u00ed me animaban a tomarlo en las fiestas familiares y a m\u00ed, que nunca me gust\u00f3, me repateaba. No [&hellip;]<!-- AddThis Advanced Settings generic via filter on get_the_excerpt --><!-- AddThis Share Buttons generic via filter on get_the_excerpt --><\/p>\n","protected":false},"author":6,"featured_media":0,"comment_status":"open","ping_status":"closed","sticky":false,"template":"","format":"standard","meta":[],"categories":[4],"tags":[116,134,136,149],"_links":{"self":[{"href":"https:\/\/blogs.lasprovincias.es\/mariajosepou\/wp-json\/wp\/v2\/posts\/4257"}],"collection":[{"href":"https:\/\/blogs.lasprovincias.es\/mariajosepou\/wp-json\/wp\/v2\/posts"}],"about":[{"href":"https:\/\/blogs.lasprovincias.es\/mariajosepou\/wp-json\/wp\/v2\/types\/post"}],"author":[{"embeddable":true,"href":"https:\/\/blogs.lasprovincias.es\/mariajosepou\/wp-json\/wp\/v2\/users\/6"}],"replies":[{"embeddable":true,"href":"https:\/\/blogs.lasprovincias.es\/mariajosepou\/wp-json\/wp\/v2\/comments?post=4257"}],"version-history":[{"count":0,"href":"https:\/\/blogs.lasprovincias.es\/mariajosepou\/wp-json\/wp\/v2\/posts\/4257\/revisions"}],"wp:attachment":[{"href":"https:\/\/blogs.lasprovincias.es\/mariajosepou\/wp-json\/wp\/v2\/media?parent=4257"}],"wp:term":[{"taxonomy":"category","embeddable":true,"href":"https:\/\/blogs.lasprovincias.es\/mariajosepou\/wp-json\/wp\/v2\/categories?post=4257"},{"taxonomy":"post_tag","embeddable":true,"href":"https:\/\/blogs.lasprovincias.es\/mariajosepou\/wp-json\/wp\/v2\/tags?post=4257"}],"curies":[{"name":"wp","href":"https:\/\/api.w.org\/{rel}","templated":true}]}}