{"id":429,"date":"2010-09-01T06:27:39","date_gmt":"2010-09-01T06:27:39","guid":{"rendered":"http:\/\/firmas.lasprovincias.es\/mariajosepou\/?p=429"},"modified":"2010-09-01T06:27:39","modified_gmt":"2010-09-01T06:27:39","slug":"coran-para-ninas-guapas","status":"publish","type":"post","link":"https:\/\/blogs.lasprovincias.es\/mariajosepou\/2010\/09\/01\/coran-para-ninas-guapas\/","title":{"rendered":"Cor\u00e1n para ni\u00f1as guapas"},"content":{"rendered":"<p style=\"text-align: justify\"><a href=\"\/mariajosepou\/wp-content\/uploads\/sites\/4\/2010\/09\/c617x266_EFE_1215_.jpg\"><img loading=\"lazy\" class=\"alignleft size-full wp-image-430\" src=\"\/mariajosepou\/wp-content\/uploads\/sites\/4\/2010\/09\/c617x266_EFE_1215_.jpg\" alt=\"\" width=\"370\" height=\"160\" \/><\/a>Uno de los problemas de la necesaria &#8216;desconexi\u00f3n&#8217; vacacional es la tentaci\u00f3n de ignorar los dimes y diretes entre pol\u00edticos; los tira y afloja de clubes y futbolistas o, sencillamente, las grescas entre famosos, hijos, herederos y dem\u00e1s fauna. Una servidora, aunque nunca lo consigue porque termina por interesarse, hace cada verano promesa de &#8216;no saber&#8217; y lo logra, pero solo por unas horas o unos d\u00edas. Eso me ocurri\u00f3 hace unas semanas cuando cambi\u00e9 las cuitas de Zapatero y Camps por las de los Kirchner y el alcalde Macr\u00ed en la Argentina. Al volver me encontr\u00e9 con un considerable &#8216;quilombo&#8217;, que dir\u00edan all\u00e1, entre Espa\u00f1a y Marruecos a cuenta de unas polic\u00edas cuestionadas, insultadas y desacreditadas solo por ser mujeres.<\/p>\n<p style=\"text-align: justify\">Pero apenas fue un par\u00e9ntesis pues al poco ya estaba an\u00edmicamente enfangada en la &#8216;Guerra de las Dos Rosas&#8217; entre G\u00f3mez y Jim\u00e9nez, que suena a duelo entre bandoleros de Sierra Morena pero no es m\u00e1s que un ejercicio de primarias en el PSOE de Madrid y un plebiscito sobre ZP en el mundo global. Por eso cuando, de pronto, conoc\u00ed las andanzas de Gadaffi en Roma acompa\u00f1ado por 200 amazonas y pidiendo reunirse all\u00ed con 500 azafatas, pens\u00e9 que me hab\u00eda perdido un cap\u00edtulo. O dos. O una temporada. Conociendo al anfitri\u00f3n dud\u00e9 incluso de que el l\u00edder libio no fuera simplemente un invitado al \u00faltimo mitin de Berlusconi o a la \u00faltima fiesta de cumplea\u00f1os de alguna de sus velinas. Sin embargo los datos insist\u00edan: Gadaffi quer\u00eda predicar el Cor\u00e1n a 500 chicas de buena presencia escogidas por una empresa especializada.<\/p>\n<p style=\"text-align: justify\">Me pregunto qu\u00e9 \u00e9xito proselitista tiene ese gesto cuando las chicas estaban contratadas como extras de una pel\u00edcula: sin convicci\u00f3n ni protagonismo. Las que viv\u00edan en la regi\u00f3n cobraban 100 euros y las que ven\u00edan de fuera del Lazio, 150.<\/p>\n<p style=\"text-align: justify\">Imagino que, como cualquier mitin que se precie -y los religiosos no van a ser menos- no pretend\u00eda convencer a quienes estaban presentes sino a quienes conocieran de \u00e9l a trav\u00e9s de los medios de comunicaci\u00f3n. En el fondo, el contenido (en \u00e9ste, religioso; en los otros, pol\u00edtico) es mucho m\u00e1s parecido de lo que nos imaginamos. Puro marketing.<\/p>\n<!-- AddThis Advanced Settings generic via filter on the_content --><!-- AddThis Share Buttons generic via filter on the_content -->","protected":false},"excerpt":{"rendered":"<p>Uno de los problemas de la necesaria &#8216;desconexi\u00f3n&#8217; vacacional es la tentaci\u00f3n de ignorar los dimes y diretes entre pol\u00edticos; los tira y afloja de clubes y futbolistas o, sencillamente, las grescas entre famosos, hijos, herederos y dem\u00e1s fauna. Una servidora, aunque nunca lo consigue porque termina por interesarse, hace cada verano promesa de &#8216;no [&hellip;]<!-- AddThis Advanced Settings generic via filter on get_the_excerpt --><!-- AddThis Share Buttons generic via filter on get_the_excerpt --><\/p>\n","protected":false},"author":6,"featured_media":0,"comment_status":"open","ping_status":"closed","sticky":false,"template":"","format":"standard","meta":[],"categories":[4],"tags":[97,116,148],"_links":{"self":[{"href":"https:\/\/blogs.lasprovincias.es\/mariajosepou\/wp-json\/wp\/v2\/posts\/429"}],"collection":[{"href":"https:\/\/blogs.lasprovincias.es\/mariajosepou\/wp-json\/wp\/v2\/posts"}],"about":[{"href":"https:\/\/blogs.lasprovincias.es\/mariajosepou\/wp-json\/wp\/v2\/types\/post"}],"author":[{"embeddable":true,"href":"https:\/\/blogs.lasprovincias.es\/mariajosepou\/wp-json\/wp\/v2\/users\/6"}],"replies":[{"embeddable":true,"href":"https:\/\/blogs.lasprovincias.es\/mariajosepou\/wp-json\/wp\/v2\/comments?post=429"}],"version-history":[{"count":0,"href":"https:\/\/blogs.lasprovincias.es\/mariajosepou\/wp-json\/wp\/v2\/posts\/429\/revisions"}],"wp:attachment":[{"href":"https:\/\/blogs.lasprovincias.es\/mariajosepou\/wp-json\/wp\/v2\/media?parent=429"}],"wp:term":[{"taxonomy":"category","embeddable":true,"href":"https:\/\/blogs.lasprovincias.es\/mariajosepou\/wp-json\/wp\/v2\/categories?post=429"},{"taxonomy":"post_tag","embeddable":true,"href":"https:\/\/blogs.lasprovincias.es\/mariajosepou\/wp-json\/wp\/v2\/tags?post=429"}],"curies":[{"name":"wp","href":"https:\/\/api.w.org\/{rel}","templated":true}]}}