{"id":43,"date":"2010-04-25T08:10:33","date_gmt":"2010-04-25T08:10:33","guid":{"rendered":"http:\/\/firmas.lasprovincias.es\/mariajosepou\/politicos-de-la-resistencia\/"},"modified":"2010-04-25T08:10:33","modified_gmt":"2010-04-25T08:10:33","slug":"politicos-de-la-resistencia","status":"publish","type":"post","link":"https:\/\/blogs.lasprovincias.es\/mariajosepou\/2010\/04\/25\/politicos-de-la-resistencia\/","title":{"rendered":"Pol\u00edticos de la resistencia"},"content":{"rendered":"<p style=\"text-align: justify\">Hay un tipo de pol\u00edtico que me llama la atenci\u00f3n: aquel que es capaz de soportar las embestidas de su propio grupo. En el PP, me admira Rajoy y en el PSOE, Jorge Alarte. Ambos son, a mis ojos, unos supervivientes. Parece mentira el aguante que tienen a pesar de estar continuamente bombardeados por sus correligionarios. En el reality show en el que se ha convertido la vida pol\u00edtica, son claramente vencedores aunque la audiencia haya decidido que, por muy nominados que est\u00e9n, es mejor que abandonen la casa.<br \/>\nMe admira porque yo hubiera mandado a esos colegas que les hacen la vida imposible a tomar pollo boliviano hace mucho tiempo y sin embargo ellos resisten con estoica paciencia pantojil, esto es, mostrando dientes, dientes, que es lo que les jode (sic).<br \/>\nRajoy cuenta con la inestimable colaboraci\u00f3n de Esperanza Aguirre anunciando a la prensa continuamente lo que, a su juicio, deber\u00eda hacer un l\u00edder del PP mucho antes de que el propio Rajoy se haya sentado a dilucidarlo. O sea, marc\u00e1ndole el territorio: si lo hace, parece dominado por la lideresa; si no, cuestionado por ella.<br \/>\nAlarte, el pobre, tiene que lidiar con algo peor que lo de Rajoy: los enemigos externos y los internos. Contra lo que pueda pensarse, los externos no son ajenos al PSOE. Es el PSOE. Los internos, en cambio, tambi\u00e9n lo son. O no. No s\u00e9. Me refiero al PSPV. No me hagan definirme porque no s\u00e9 donde colocarlo.<br \/>\nEntre Paj\u00edn y los secuaces que en Blanquer\u00edas quisieran recluir a Alarte en su Alacu\u00e1s del alma han hecho una pinza de \u00e9sas que cogen el pan de molde y le dan tres vueltas. La \u00faltima ocasi\u00f3n de demostrarlo fue en la votaci\u00f3n del Estatuto manchego.<br \/>\nLa desganada Serna parec\u00eda un pel\u00edn desmotivada no s\u00e9 si porque le hab\u00eda tocado el papel\u00f3n de la suplencia o porque estaba deseando acabar para irse a hacer las mechas. Era como si hubiera cogido turno en la carnicer\u00eda y Alfonso Guerra le estuviera pidiendo la vez: \u201ca ver, \u00bfqui\u00e9n es la \u00faltima?\u201d A lo que Serna, con su indolente gesto, respondiera rauda y veloz: \u201cservidora\u201d.<\/p>\n<!-- AddThis Advanced Settings generic via filter on the_content --><!-- AddThis Share Buttons generic via filter on the_content -->","protected":false},"excerpt":{"rendered":"<p>Hay un tipo de pol\u00edtico que me llama la atenci\u00f3n: aquel que es capaz de soportar las embestidas de su propio grupo. En el PP, me admira Rajoy y en el PSOE, Jorge Alarte. Ambos son, a mis ojos, unos supervivientes. Parece mentira el aguante que tienen a pesar de estar continuamente bombardeados por sus [&hellip;]<!-- AddThis Advanced Settings generic via filter on get_the_excerpt --><!-- AddThis Share Buttons generic via filter on get_the_excerpt --><\/p>\n","protected":false},"author":6,"featured_media":0,"comment_status":"open","ping_status":"closed","sticky":false,"template":"","format":"standard","meta":[],"categories":[4],"tags":[16,136,143],"_links":{"self":[{"href":"https:\/\/blogs.lasprovincias.es\/mariajosepou\/wp-json\/wp\/v2\/posts\/43"}],"collection":[{"href":"https:\/\/blogs.lasprovincias.es\/mariajosepou\/wp-json\/wp\/v2\/posts"}],"about":[{"href":"https:\/\/blogs.lasprovincias.es\/mariajosepou\/wp-json\/wp\/v2\/types\/post"}],"author":[{"embeddable":true,"href":"https:\/\/blogs.lasprovincias.es\/mariajosepou\/wp-json\/wp\/v2\/users\/6"}],"replies":[{"embeddable":true,"href":"https:\/\/blogs.lasprovincias.es\/mariajosepou\/wp-json\/wp\/v2\/comments?post=43"}],"version-history":[{"count":0,"href":"https:\/\/blogs.lasprovincias.es\/mariajosepou\/wp-json\/wp\/v2\/posts\/43\/revisions"}],"wp:attachment":[{"href":"https:\/\/blogs.lasprovincias.es\/mariajosepou\/wp-json\/wp\/v2\/media?parent=43"}],"wp:term":[{"taxonomy":"category","embeddable":true,"href":"https:\/\/blogs.lasprovincias.es\/mariajosepou\/wp-json\/wp\/v2\/categories?post=43"},{"taxonomy":"post_tag","embeddable":true,"href":"https:\/\/blogs.lasprovincias.es\/mariajosepou\/wp-json\/wp\/v2\/tags?post=43"}],"curies":[{"name":"wp","href":"https:\/\/api.w.org\/{rel}","templated":true}]}}