{"id":432,"date":"2010-09-02T05:07:48","date_gmt":"2010-09-02T05:07:48","guid":{"rendered":"http:\/\/firmas.lasprovincias.es\/mariajosepou\/?p=432"},"modified":"2010-09-02T05:07:48","modified_gmt":"2010-09-02T05:07:48","slug":"una-embarazada-en-hebron","status":"publish","type":"post","link":"https:\/\/blogs.lasprovincias.es\/mariajosepou\/2010\/09\/02\/una-embarazada-en-hebron\/","title":{"rendered":"Una embarazada en Hebr\u00f3n"},"content":{"rendered":"<p style=\"text-align: justify\"><a href=\"\/mariajosepou\/wp-content\/uploads\/sites\/4\/2010\/09\/451702.jpg\"><img loading=\"lazy\" class=\"alignleft size-full wp-image-433\" src=\"\/mariajosepou\/wp-content\/uploads\/sites\/4\/2010\/09\/451702.jpg\" alt=\"\" width=\"266\" height=\"200\" \/><\/a>Una de las v\u00edctimas del ataque de Ham\u00e1s en Hebr\u00f3n era una mujer embarazada. El n\u00famero de muertos, pues, es cinco, no cuatro. Pero eso no parece conmover a quienes se alteran sobremanera cada vez que muere un palestino a manos del ej\u00e9rcito israel\u00ed.<\/p>\n<p style=\"text-align: justify\">No justifico actuaciones que pueden ser cuestionables pero me pregunto por qu\u00e9 la vida de un palestino parece valer m\u00e1s que la de un colono israel\u00ed. \u00bfPor qu\u00e9 su condici\u00f3n de colono le hace sospechoso, culpable y merecedor de una vida corta y dolorosa? Sin duda, podr\u00edamos hacernos la pregunta al rev\u00e9s pero ese ejercicio nunca lo hacen algunos que se desga\u00f1itan contra la pol\u00edtica israel\u00ed.<\/p>\n<p style=\"text-align: justify\">Del mismo modo el relato de lo sucedido no es ni de lejos comparable a lo que nos contaron, por ejemplo, sobre la flotilla atacada en Gaza. No me refiero a que tengan raz\u00f3n unos u otros ni estoy equiparando la actuaci\u00f3n de un ej\u00e9rcito con la de un grupo terrorista pues precisamente \u00e9se es el problema en algunas acciones militares israel\u00edes. Yo solo me ci\u00f1o al an\u00e1lisis del relato. Y llama la atenci\u00f3n la diferencia. En el caso de la flotilla nos contaron con todo detalle lo sucedido, acompa\u00f1\u00e1ndolo con im\u00e1genes y con una carga emocional elevada. Junto a los datos generales, se personaliz\u00f3 el da\u00f1o producido en protagonistas concretos, como ocurri\u00f3 en Valencia por la proximidad de uno de los miembros de la flotilla.<\/p>\n<p style=\"text-align: justify\">En \u00e9ste, nadie se ha parado en las personas que hay detr\u00e1s de la noticia. No sabemos ni siquiera si pudieron salvar al beb\u00e9 que esperaba la mujer embarazada. Todo hace pensar que no. Apenas hay descripci\u00f3n de las v\u00edctimas ni personalizaci\u00f3n, algo que se acent\u00faa con la perspectiva utilizada para ofrecer la noticia. La clave pol\u00edtica eclipsa la tragedia humana y, as\u00ed, la noticia no es que han asesinado a cuatro miembros de una familia sino que las conversaciones de paz se tambalean por un atentado.<\/p>\n<p style=\"text-align: justify\">El distinto enfoque no es casualidad. Es una tendencia establecida y enraizada ya en el relato del conflicto entre Israel y Palestina. El ej\u00e9rcito israel\u00ed mata a inocentes; Ham\u00e1s bombardea procesos de paz. \u00c9sa es la diferencia.<\/p>\n<!-- AddThis Advanced Settings generic via filter on the_content --><!-- AddThis Share Buttons generic via filter on the_content -->","protected":false},"excerpt":{"rendered":"<p>Una de las v\u00edctimas del ataque de Ham\u00e1s en Hebr\u00f3n era una mujer embarazada. El n\u00famero de muertos, pues, es cinco, no cuatro. Pero eso no parece conmover a quienes se alteran sobremanera cada vez que muere un palestino a manos del ej\u00e9rcito israel\u00ed. No justifico actuaciones que pueden ser cuestionables pero me pregunto por [&hellip;]<!-- AddThis Advanced Settings generic via filter on get_the_excerpt --><!-- AddThis Share Buttons generic via filter on get_the_excerpt --><\/p>\n","protected":false},"author":6,"featured_media":0,"comment_status":"open","ping_status":"closed","sticky":false,"template":"","format":"standard","meta":[],"categories":[4],"tags":[98,129,180],"_links":{"self":[{"href":"https:\/\/blogs.lasprovincias.es\/mariajosepou\/wp-json\/wp\/v2\/posts\/432"}],"collection":[{"href":"https:\/\/blogs.lasprovincias.es\/mariajosepou\/wp-json\/wp\/v2\/posts"}],"about":[{"href":"https:\/\/blogs.lasprovincias.es\/mariajosepou\/wp-json\/wp\/v2\/types\/post"}],"author":[{"embeddable":true,"href":"https:\/\/blogs.lasprovincias.es\/mariajosepou\/wp-json\/wp\/v2\/users\/6"}],"replies":[{"embeddable":true,"href":"https:\/\/blogs.lasprovincias.es\/mariajosepou\/wp-json\/wp\/v2\/comments?post=432"}],"version-history":[{"count":0,"href":"https:\/\/blogs.lasprovincias.es\/mariajosepou\/wp-json\/wp\/v2\/posts\/432\/revisions"}],"wp:attachment":[{"href":"https:\/\/blogs.lasprovincias.es\/mariajosepou\/wp-json\/wp\/v2\/media?parent=432"}],"wp:term":[{"taxonomy":"category","embeddable":true,"href":"https:\/\/blogs.lasprovincias.es\/mariajosepou\/wp-json\/wp\/v2\/categories?post=432"},{"taxonomy":"post_tag","embeddable":true,"href":"https:\/\/blogs.lasprovincias.es\/mariajosepou\/wp-json\/wp\/v2\/tags?post=432"}],"curies":[{"name":"wp","href":"https:\/\/api.w.org\/{rel}","templated":true}]}}