{"id":437,"date":"2010-09-03T14:04:43","date_gmt":"2010-09-03T14:04:43","guid":{"rendered":"http:\/\/firmas.lasprovincias.es\/mariajosepou\/el-vino-de-asuncion\/"},"modified":"2010-09-03T14:04:43","modified_gmt":"2010-09-03T14:04:43","slug":"el-vino-de-asuncion","status":"publish","type":"post","link":"https:\/\/blogs.lasprovincias.es\/mariajosepou\/2010\/09\/03\/el-vino-de-asuncion\/","title":{"rendered":"El vino de Asunci\u00f3n"},"content":{"rendered":"<p style=\"text-align: justify\"><a href=\"\/mariajosepou\/wp-content\/uploads\/sites\/4\/2010\/09\/antonio-asuncion-manises-psoe-alcalde2.jpg\"><img loading=\"lazy\" class=\"alignleft size-medium wp-image-438\" src=\"\/mariajosepou\/wp-content\/uploads\/sites\/4\/2010\/09\/antonio-asuncion-manises-psoe-alcalde2.jpg\" alt=\"\" width=\"240\" height=\"160\" srcset=\"https:\/\/static-blogs.lasprovincias.es\/wp-content\/uploads\/sites\/4\/2010\/09\/antonio-asuncion-manises-psoe-alcalde2.jpg 318w, https:\/\/static-blogs.lasprovincias.es\/wp-content\/uploads\/sites\/4\/2010\/09\/antonio-asuncion-manises-psoe-alcalde2-300x200.jpg 300w\" sizes=\"(max-width: 240px) 100vw, 240px\" \/><\/a>Reconozco que, desde la m\u00e1s tierna infancia, tengo alergia al poder. Al poder no entendido como capacidad de ejecutar proyectos que mejoren la vida de una comunidad, sino como ambici\u00f3n para el manejo y control de personas, bienes y riquezas.<br \/>\nYa s\u00e9 que todos los que alcanzan cierto nivel en una jerarqu\u00eda apelan a ese servicio p\u00fablico que mencionaba como justificaci\u00f3n de su inter\u00e9s por ocupar el puesto. Pero tambi\u00e9n s\u00e9 que salvo contadas excepciones lo que se busca no es servir sino servirse ya sea obteniendo beneficios ya sea consiguiendo ser imprescindible para el futuro de la organizaci\u00f3n. Tampoco importa el car\u00e1cter de la misma pues, en eso, todas funcionan del mismo modo: los partidos pol\u00edticos, las empresas, algunas ONG, y demasiadas organizaciones religiosas.<br \/>\nPor eso suelo desinteresarme por la vida interna de los partidos aunque la ri\u00f1a sea jugosa como la del PSOE en Madrid y, por lo que se ve, tambi\u00e9n en Valencia.<br \/>\nAdmito que el remake de Antoni Asunci\u00f3n me ha hecho volver la vista al PSPV cuando ya lo daba por perdido para el comentario y la opini\u00f3n, m\u00e1s all\u00e1 de alguna frase ingeniosa de Luna a falta de ese momento Perell\u00f3 tan &#8216;Cr\u00f3nicas&#8217; que se echa de menos por estos lares.<br \/>\nEl caso es que me ha animado a adentrarme en el proceloso mundo de las primarias socialistas; tal vez, como dice la canci\u00f3n, sea obra del vino que tiene Asunci\u00f3n que ni es blanco ni es tinto pero -\u00e9ste s\u00ed- tiene color.<br \/>\nDe pronto se me ha hecho de d\u00eda y seguramente a muchos en el PSPV de noche pero quiz\u00e1s se convierta -ojal\u00e1- en el revulsivo que necesitaba la pol\u00edtica valenciana. Hasta ahora el panorama era desolador: m\u00e1s de lo mismo que, si es bueno, est\u00e1 bien pero si es malo descorazona al m\u00e1s optimista antropol\u00f3gico.<br \/>\nUna figura nueva que mueva las aguas me ilusiona y no digamos nada de un tipo capaz de dimitir en estas tierras donde vivimos al grito de \u00abno sin mi armario\u00bb.<br \/>\nS\u00e9 que no es momento de canonizarlo pero ofrece cierta esperanza que buena falta nos hace. Ya habr\u00e1 tiempo de que se agrie el vino.<\/p>\n<!-- AddThis Advanced Settings generic via filter on the_content --><!-- AddThis Share Buttons generic via filter on the_content -->","protected":false},"excerpt":{"rendered":"<p>Reconozco que, desde la m\u00e1s tierna infancia, tengo alergia al poder. Al poder no entendido como capacidad de ejecutar proyectos que mejoren la vida de una comunidad, sino como ambici\u00f3n para el manejo y control de personas, bienes y riquezas. Ya s\u00e9 que todos los que alcanzan cierto nivel en una jerarqu\u00eda apelan a ese [&hellip;]<!-- AddThis Advanced Settings generic via filter on get_the_excerpt --><!-- AddThis Share Buttons generic via filter on get_the_excerpt --><\/p>\n","protected":false},"author":6,"featured_media":0,"comment_status":"open","ping_status":"closed","sticky":false,"template":"","format":"standard","meta":[],"categories":[4],"tags":[16,134,136],"_links":{"self":[{"href":"https:\/\/blogs.lasprovincias.es\/mariajosepou\/wp-json\/wp\/v2\/posts\/437"}],"collection":[{"href":"https:\/\/blogs.lasprovincias.es\/mariajosepou\/wp-json\/wp\/v2\/posts"}],"about":[{"href":"https:\/\/blogs.lasprovincias.es\/mariajosepou\/wp-json\/wp\/v2\/types\/post"}],"author":[{"embeddable":true,"href":"https:\/\/blogs.lasprovincias.es\/mariajosepou\/wp-json\/wp\/v2\/users\/6"}],"replies":[{"embeddable":true,"href":"https:\/\/blogs.lasprovincias.es\/mariajosepou\/wp-json\/wp\/v2\/comments?post=437"}],"version-history":[{"count":0,"href":"https:\/\/blogs.lasprovincias.es\/mariajosepou\/wp-json\/wp\/v2\/posts\/437\/revisions"}],"wp:attachment":[{"href":"https:\/\/blogs.lasprovincias.es\/mariajosepou\/wp-json\/wp\/v2\/media?parent=437"}],"wp:term":[{"taxonomy":"category","embeddable":true,"href":"https:\/\/blogs.lasprovincias.es\/mariajosepou\/wp-json\/wp\/v2\/categories?post=437"},{"taxonomy":"post_tag","embeddable":true,"href":"https:\/\/blogs.lasprovincias.es\/mariajosepou\/wp-json\/wp\/v2\/tags?post=437"}],"curies":[{"name":"wp","href":"https:\/\/api.w.org\/{rel}","templated":true}]}}