{"id":442,"date":"2010-09-04T07:05:16","date_gmt":"2010-09-04T07:05:16","guid":{"rendered":"http:\/\/firmas.lasprovincias.es\/mariajosepou\/?p=442"},"modified":"2010-09-04T07:05:16","modified_gmt":"2010-09-04T07:05:16","slug":"la-artritis-de-ricardo","status":"publish","type":"post","link":"https:\/\/blogs.lasprovincias.es\/mariajosepou\/2010\/09\/04\/la-artritis-de-ricardo\/","title":{"rendered":"La artritis de Ricardo"},"content":{"rendered":"<p style=\"text-align: justify\"><a href=\"\/mariajosepou\/wp-content\/uploads\/sites\/4\/2010\/09\/C_4_maincontent_2486055_mediumimage.jpg\"><img loading=\"lazy\" class=\"alignleft size-medium wp-image-443\" src=\"\/mariajosepou\/wp-content\/uploads\/sites\/4\/2010\/09\/C_4_maincontent_2486055_mediumimage.jpg\" alt=\"\" width=\"212\" height=\"300\" srcset=\"https:\/\/static-blogs.lasprovincias.es\/wp-content\/uploads\/sites\/4\/2010\/09\/C_4_maincontent_2486055_mediumimage.jpg 300w, https:\/\/static-blogs.lasprovincias.es\/wp-content\/uploads\/sites\/4\/2010\/09\/C_4_maincontent_2486055_mediumimage-212x300.jpg 212w\" sizes=\"(max-width: 212px) 100vw, 212px\" \/><\/a>Admito que, pese a mi inmersi\u00f3n futbolera durante el Mundial, no consigo empaparme bien de lo que es el mundillo del balompi\u00e9, sus figuras y sus conceptos clave. Antes me atrevo con la conjetura de Poincar\u00e9 que con la dilucidaci\u00f3n de un fuera de juego, para esc\u00e1ndalo de Salazar que no s\u00e9 ni c\u00f3mo me habla todav\u00eda.<\/p>\n<p style=\"text-align: justify\">Por eso cuando hace unos meses presentaron a Ricardo Costa como defensa del Valencia C.F pens\u00e9 en lo injusta que es la vida con los pol\u00edticos defenestrados. El pizpireto Ric, siempre impecable, iba a exhibirse en calzones por todo el mundo, sudado como un minero chileno, cada domingo y Champions de guardar.<\/p>\n<p style=\"text-align: justify\">Eso le pasaba -me dije- por haber sido tan coqueto y llevar las corbatas m\u00e1s subidas a este lado del Turia. Nada mejor, pues, que una venganza que exige pasearse en deshabill\u00e9.<\/p>\n<p style=\"text-align: justify\">Luego me enter\u00e9 de que este Ricardo Costa no era el otro Ricardo Costa. Tampoco su doble ni su clon sino otro de feliz coincidencia nominal.<\/p>\n<p style=\"text-align: justify\">Me qued\u00e9 tranquila porque por entonces Ric estaba fuera del circuito medi\u00e1tico y la cosa no me llevaba a confusi\u00f3n. Si hablaban de que su polivalencia le hac\u00eda un jugador completo no estaban diciendo que lo mismo ocupa un esca\u00f1o en Les Corts que da una rueda de prensa o acompa\u00f1a a Camps a la Santa Faz, yo iba de peregrina y me cogiste de la mano.<\/p>\n<p style=\"text-align: justify\">Si alertaban sobre su lesi\u00f3n en el tobillo no significaba que \u00edbamos a ver al pobre Ricci bajando con muletas de su Infinity FX50, con lo mal que queda ossea. El de la artritis era el futbolista y no hab\u00eda duda que empa\u00f1ara ese cuerpazo de chico de buena familia nada acostumbrado, como dir\u00eda el tango, a las pilchas de percal.<\/p>\n<p style=\"text-align: justify\">Sin embargo desde que me he enterado del retorno de Ric-vuelve-el-hombre, he empezado a preocuparme. Ahora cuando alguien diga que Ricardo Costa pertenece a un gran equipo no sabr\u00e9 si es el Valencia, el PP de la Comunidad Valenciana, la candidatura de Rajoy o la Selecci\u00f3n Portuguesa. Y lo peor es que ya estoy imaginando a las malas lenguas pidiendo que chupe banquillo. Malas p\u00e9coras.<\/p>\n<!-- AddThis Advanced Settings generic via filter on the_content --><!-- AddThis Share Buttons generic via filter on the_content -->","protected":false},"excerpt":{"rendered":"<p>Admito que, pese a mi inmersi\u00f3n futbolera durante el Mundial, no consigo empaparme bien de lo que es el mundillo del balompi\u00e9, sus figuras y sus conceptos clave. Antes me atrevo con la conjetura de Poincar\u00e9 que con la dilucidaci\u00f3n de un fuera de juego, para esc\u00e1ndalo de Salazar que no s\u00e9 ni c\u00f3mo me [&hellip;]<!-- AddThis Advanced Settings generic via filter on get_the_excerpt --><!-- AddThis Share Buttons generic via filter on get_the_excerpt --><\/p>\n","protected":false},"author":6,"featured_media":0,"comment_status":"open","ping_status":"closed","sticky":false,"template":"","format":"standard","meta":[],"categories":[4],"tags":[83,136],"_links":{"self":[{"href":"https:\/\/blogs.lasprovincias.es\/mariajosepou\/wp-json\/wp\/v2\/posts\/442"}],"collection":[{"href":"https:\/\/blogs.lasprovincias.es\/mariajosepou\/wp-json\/wp\/v2\/posts"}],"about":[{"href":"https:\/\/blogs.lasprovincias.es\/mariajosepou\/wp-json\/wp\/v2\/types\/post"}],"author":[{"embeddable":true,"href":"https:\/\/blogs.lasprovincias.es\/mariajosepou\/wp-json\/wp\/v2\/users\/6"}],"replies":[{"embeddable":true,"href":"https:\/\/blogs.lasprovincias.es\/mariajosepou\/wp-json\/wp\/v2\/comments?post=442"}],"version-history":[{"count":0,"href":"https:\/\/blogs.lasprovincias.es\/mariajosepou\/wp-json\/wp\/v2\/posts\/442\/revisions"}],"wp:attachment":[{"href":"https:\/\/blogs.lasprovincias.es\/mariajosepou\/wp-json\/wp\/v2\/media?parent=442"}],"wp:term":[{"taxonomy":"category","embeddable":true,"href":"https:\/\/blogs.lasprovincias.es\/mariajosepou\/wp-json\/wp\/v2\/categories?post=442"},{"taxonomy":"post_tag","embeddable":true,"href":"https:\/\/blogs.lasprovincias.es\/mariajosepou\/wp-json\/wp\/v2\/tags?post=442"}],"curies":[{"name":"wp","href":"https:\/\/api.w.org\/{rel}","templated":true}]}}